{"id":4889,"date":"2022-04-01T14:02:28","date_gmt":"2022-04-01T12:02:28","guid":{"rendered":"http:\/\/www.folibchavy.cz\/_www_\/wordpress\/?p=4889"},"modified":"2022-04-01T14:02:28","modified_gmt":"2022-04-01T12:02:28","slug":"doprava-na-venkovni-utkani-a-muzstva-jaro-2022-zprava-pro-stale-fanousky","status":"publish","type":"post","link":"http:\/\/www.folibchavy.cz\/_www_\/wordpress\/doprava-na-venkovni-utkani-a-muzstva-jaro-2022-zprava-pro-stale-fanousky\/","title":{"rendered":"Doprava na venkovn\u00ed utk\u00e1n\u00ed A mu\u017estva \u2013 jaro 2022, zpr\u00e1va pro st\u00e1l\u00e9 fanou\u0161ky"},"content":{"rendered":"<p>V\u00e1\u017een\u00ed sportovn\u00ed p\u0159\u00e1tel\u00e9,<\/p>\n<p>p\u0159i zaji\u0161\u0165ov\u00e1n\u00ed autobusov\u00e9 dopravy na\u0161ich mu\u017estev se mi poda\u0159ilo zajistit kompletn\u00ed dopravu pro n\u00e1\u0161 dorost, kdy p\u0159epravu bude zaji\u0161\u0165ovat autobus z\u00a0\u010cesk\u00fdch Libchav.<\/p>\n<p>Dopravu A mu\u017estva n\u00e1m zaji\u0161\u0165uje autobusov\u00e1 doprava \u2013 Z\u00e1\u0159eck\u00fd. Zde vznikla pot\u00ed\u017e.<!--more--><\/p>\n<p>Autobus pro 45 osob m\u00e1me zaji\u0161t\u011bn na ned\u011bln\u00ed utk\u00e1n\u00ed, na sobotn\u00ed utk\u00e1n\u00ed m\u00e1me rezervovan\u00fd autobus pro 17 osob. Jsme domluveni, \u017ee ka\u017ed\u00fd t\u00fdden se budeme domlouvat o zaji\u0161t\u011bn\u00ed velk\u00e9ho autobusu \u2013 to v\u0161ak nen\u00ed jist\u00e9. Pokud pojede mal\u00fd autobus pro 17 osob nemohou jet s n\u00e1mi st\u00e1l\u00ed fanou\u0161ci. V\u00a0p\u0159\u00edpad\u011b zm\u011bny budu informovat sle\u010dnu Veroniku Moravcovou, kter\u00e1 zajist\u00ed ozn\u00e1men\u00ed zm\u011bny na na\u0161ich str\u00e1nk\u00e1ch a pod\u00e1 zpr\u00e1vu na\u0161im fanou\u0161k\u016fm.<\/p>\n<p>St\u00e1vaj\u00edc\u00ed stav:<\/p>\n<p>Ned\u011ble \u2013 3.4.2022 \u2013 Dob\u0159\u00edkov \u2013 13.45 Tesco \u2013 <strong>velk\u00fd autobus<\/strong><\/p>\n<p>Ned\u011ble \u2013 17.4.2022 \u2013 Jablonn\u00e9 nad Orlic\u00ed \u2013 14.15 D\u017eb\u00e1n \u2013 <strong>velk\u00fd autobus<\/strong><\/p>\n<p>Sobota \u2013 30.4.2022 \u2013 Seman\u00edn \u2013 14.30 \u2013 D\u017eb\u00e1n \u2013 mal\u00fd autobus<\/p>\n<p>Sobota \u2013 14.5.2022 \u2013 Lan\u0161kroun \u2013 15.00 \u2013 D\u017eb\u00e1n \u2013 mal\u00fd autobus<\/p>\n<p>Sobota \u2013 28.5. 2022 \u2013 Sloupnice \u2013 14.30 \u2013 D\u017eb\u00e1n \u2013 mal\u00fd autobus<\/p>\n<p>Sobota \u2013 11.6.2022 \u2013 Jarom\u011b\u0159ice \u2013 13.45 \u2013 D\u017eb\u00e1n \u2013 mal\u00fd autobus<\/p>\n<p>&nbsp;<\/p>\n<p>Ov\u011b\u0159ov\u00e1n\u00ed dopravy:<\/p>\n<p>Kdo bude m\u00edt z\u00e1jem o pod\u00e1v\u00e1n\u00ed zpr\u00e1vy ohledn\u011b, po\u0161lete pros\u00edm sv\u00e9 telefonn\u00ed \u010d\u00edslo formou SMS sle\u010dn\u011b Moravcov\u00e9.<\/p>\n<p>Moravcov\u00e1 Veronika \u2013 731\u00a0318\u00a0498<\/p>\n<p>Musil Josef \u2013 602\u00a0325\u00a0615<\/p>\n<p>&nbsp;<\/p>\n<p>D\u011bkuji za pochopen\u00ed.<\/p>\n<p>Pepa Musil<\/p>\n<p>p\u0159edseda odd\u00edlu<\/p>\n","protected":false},"excerpt":{"rendered":"<p>V\u00e1\u017een\u00ed sportovn\u00ed p\u0159\u00e1tel\u00e9, p\u0159i zaji\u0161\u0165ov\u00e1n\u00ed autobusov\u00e9 dopravy na\u0161ich mu\u017estev se mi poda\u0159ilo zajistit kompletn\u00ed dopravu pro n\u00e1\u0161 dorost, kdy p\u0159epravu bude zaji\u0161\u0165ovat autobus z\u00a0\u010cesk\u00fdch Libchav. Dopravu A mu\u017estva n\u00e1m zaji\u0161\u0165uje autobusov\u00e1 doprava \u2013 Z\u00e1\u0159eck\u00fd. Zde vznikla pot\u00ed\u017e.<\/p>\n","protected":false},"author":4,"featured_media":0,"comment_status":"closed","ping_status":"closed","sticky":false,"template":"","format":"standard","meta":[],"categories":[1],"tags":[],"_links":{"self":[{"href":"http:\/\/www.folibchavy.cz\/_www_\/wordpress\/wp-json\/wp\/v2\/posts\/4889"}],"collection":[{"href":"http:\/\/www.folibchavy.cz\/_www_\/wordpress\/wp-json\/wp\/v2\/posts"}],"about":[{"href":"http:\/\/www.folibchavy.cz\/_www_\/wordpress\/wp-json\/wp\/v2\/types\/post"}],"author":[{"embeddable":true,"href":"http:\/\/www.folibchavy.cz\/_www_\/wordpress\/wp-json\/wp\/v2\/users\/4"}],"replies":[{"embeddable":true,"href":"http:\/\/www.folibchavy.cz\/_www_\/wordpress\/wp-json\/wp\/v2\/comments?post=4889"}],"version-history":[{"count":1,"href":"http:\/\/www.folibchavy.cz\/_www_\/wordpress\/wp-json\/wp\/v2\/posts\/4889\/revisions"}],"predecessor-version":[{"id":4890,"href":"http:\/\/www.folibchavy.cz\/_www_\/wordpress\/wp-json\/wp\/v2\/posts\/4889\/revisions\/4890"}],"wp:attachment":[{"href":"http:\/\/www.folibchavy.cz\/_www_\/wordpress\/wp-json\/wp\/v2\/media?parent=4889"}],"wp:term":[{"taxonomy":"category","embeddable":true,"href":"http:\/\/www.folibchavy.cz\/_www_\/wordpress\/wp-json\/wp\/v2\/categories?post=4889"},{"taxonomy":"post_tag","embeddable":true,"href":"http:\/\/www.folibchavy.cz\/_www_\/wordpress\/wp-json\/wp\/v2\/tags?post=4889"}],"curies":[{"name":"wp","href":"https:\/\/api.w.org\/{rel}","templated":true}]}}