{"id":4864,"date":"2022-03-25T16:09:04","date_gmt":"2022-03-25T15:09:04","guid":{"rendered":"http:\/\/www.folibchavy.cz\/_www_\/wordpress\/?p=4864"},"modified":"2022-03-30T14:34:37","modified_gmt":"2022-03-30T12:34:37","slug":"muzi-a-jarni-prolog-2022","status":"publish","type":"post","link":"http:\/\/www.folibchavy.cz\/_www_\/wordpress\/muzi-a-jarni-prolog-2022\/","title":{"rendered":"Mu\u017ei A | Jarn\u00ed prolog 2022"},"content":{"rendered":"<p>Tak u\u017e n\u00e1m chmurn\u00e9 a chladn\u00e9 dny vyh\u00e1n\u00ed jarn\u00ed slun\u00ed\u010dko, jen\u017e symbolizuje, \u017ee je ten spr\u00e1vn\u00fd \u010das, kopa\u010dkama po\u0161imrat travnat\u00fd pa\u017eit. Kola jarn\u00ed \u010d\u00e1sti se v na\u0161\u00ed I. B t\u0159\u00edd\u011b za\u010dnou rozt\u00e1\u010det ji\u017e tento v\u00edkend. V\u011bc je to nev\u00eddan\u00e1, jeliko\u017e jarn\u00ed \u010d\u00e1st se hraje po dlouh\u00fdch 3 letech (kv\u016fli korona menopauze nebyly dohr\u00e1ny 2 jarn\u00ed \u010d\u00e1sti &#8211; 2020 a 2021). Snad j\u00ed i letos nep\u0159eru\u0161\u00ed n\u011bjak\u00fd b\u0159\u00eddil a v \u010dervnu se do\u010dk\u00e1me rozlu\u0161t\u011bn\u00ed spletit\u00e9 h\u00e1danky o postupuj\u00edc\u00edch a sestupuj\u00edc\u00edch.<\/p>\n<p><strong>&#8220;Co se \u0161ustlo v kulo\u00e1rech&#8221; aneb zm\u011bny v k\u00e1dru A. mu\u017estva<\/strong><\/p>\n<p><!--more--><\/p>\n<p>Libchavsk\u00fd t\u00fdm vstoup\u00ed do koloto\u010de ostr\u00fdch ma\u010d\u016f ji\u017e tuto sobotu proti t\u00fdmu z B\u0159ezov\u00e9 nad Svitavou. N\u00e1\u0161 prvn\u00ed dom\u00e1c\u00ed z\u00e1pas v\u0161ak odehrajeme na um\u011bl\u00e9 tr\u00e1v\u011b v \u00dast\u00ed nad Orlic\u00ed a to v sobotu 26. 3. 2022 ve 14:00 hod., jeliko\u017e na\u0161e h\u0159i\u0161t\u011b je op\u011bt p\u0159ihl\u00e1\u0161eno do sout\u011b\u017ee Tr\u00e1va roku 2022, tak\u017ee kdo si po\u010dk\u00e1, ten se do\u010dk\u00e1 vskutku precizn\u00edho a z\u00e1vidihodn\u00e9ho placu, ale nejd\u0159\u00edve a\u017e 9. dubna na dal\u0161\u00edm dom\u00e1c\u00edm z\u00e1pase proti celku z Pomez\u00ed.<\/p>\n<p><strong>Ode\u0161li:<\/strong><\/p>\n<p>Richard R\u00e1b &#8211; excelntn\u00ed st\u0159elec a n\u00e1\u0161 kapit\u00e1n p\u0159ijal sv\u00e9 prvn\u00ed zahrani\u010dn\u00ed anga\u017em\u00e1 v nejyv\u0161\u0161\u00ed venkovsk\u00e9 sout\u011b\u017ei Rakouska. P\u0159ejeme mu hodn\u011b \u00fasp\u011bch\u016f a vst\u0159elen\u00fdch branek. Dle jeho informac\u00ed ji\u017e m\u00e1 za p\u0159\u00edpravn\u00e9 obdob\u00ed v obci <a href=\"https:\/\/vereine.oefb.at\/UsvAltruppersdorf\/News\/\">Altruppersdorf<\/a> vybudov\u00e1n sv\u016fj po\u010detn\u00fd fan club. \ud83d\ude42<\/p>\n<p>Jakub Pe\u0161ina &#8211; ukon\u010dil kari\u00e9ru pro vlekl\u00e9 zdravotn\u00ed pot\u00ed\u017ee, tak\u017ee p\u0159ejeme hodn\u011b zdaru a snad se n\u00e1m vr\u00e1t\u00ed kluk jeden b\u011bhavej.<\/p>\n<p>Nikolas Hub\u00e1lek &#8211; odsko\u010dil si na zimn\u00ed p\u0159\u00edpravu zp\u011bt do \u00dast\u00ed nad Orlic\u00ed, aby z\u00edskal sebed\u016fv\u011bru.<\/p>\n<p>Na 4 z\u00e1pasy + 1 p\u0159\u00e1tel\u00e1k pozastavila \u010dinnost tak\u00e9 na\u0161e dlouholet\u00e1 opora a &#8220;hospodsk\u00fd Kn\u00ed\u017ee P\u00e1n&#8221; Jarda Bla\u017eek. My\u0161leno tak, \u017ee n\u00e1m tento defenzivn\u00ed po\u0159\u00edzek, jen\u017e se narodil ve skluzu, bude chyb\u011bt &#8220;jen&#8221; 4 z\u00e1pasy, jeliko\u017e v p\u0159edehr\u00e1vce jarn\u00ed \u010d\u00e1sti s Moravskou T\u0159ebovou B obdr\u017eel \u010dervenou kartu, kdy\u017e hanliv\u00fdmi v\u00fdrazy &#8220;\u010c****u z******j po\u010dastoval hostuj\u00edc\u00edho \u00fato\u010dn\u00edka. Trest nadm\u00edru p\u0159ehnan\u00fd za vok\u00e1ln\u00ed proh\u0159e\u0161ek, ale v\u011b\u0159me, \u017ee po 2 distanc\u00edch p\u0159ijde z vrchu milost a Jarda se opt\u011b vr\u00e1t\u00ed do na\u0161ich \u0159ad a to p\u0159edev\u0161\u00edm za svoji ob\u011btavost a tr\u00e9ninkovou mor\u00e1lku na leto\u0161n\u00edm zimn\u00edm soust\u0159ed\u011bn\u00ed. \ud83d\ude00<\/p>\n<p><strong>P\u0159i\u0161li:\u00a0<\/strong><\/p>\n<p>Messi, Neymar, Ronadlo a Mbapp\u00e9 + Nikolas Hub\u00e1lek, kter\u00e9ho s d\u00edky vr\u00e1tili zp\u011bt do Libchav. \ud83d\ude42<\/p>\n<p><strong>Na\u0161e A-mu\u017estvo sehr\u00e1lo tyto p\u0159\u00e1telsk\u00e9 z\u00e1pasy:<\/strong><\/p>\n<ul>\n<li>Proti t\u00fdmu dorostu &#8211; to nestoj\u00ed ani za zm\u00ednku, jeliko\u017e to nem\u011blo \u00fadajn\u011b s fotbalem nic spole\u010dn\u00e9ho.<\/li>\n<li>Proti dorostu \u00dast\u00ed nad Orlic\u00ed &#8211; to se pro jistotu rad\u011bji ani nehr\u00e1lo.<\/li>\n<li>Proti Srub\u016fm ve Srubech<\/li>\n<\/ul>\n<p><strong>Sruby &#8211; Libchavy 0:3 (0:2)<\/strong><\/p>\n<p>Hub\u00e1lek &#8211; H\u00e1jek, \u010euri\u0161, Horn\u00ed\u010dek, \u0160rom, Fl\u00eddr, Jetmar, \u017didek, Bo\u0161t\u00edk M., Hodr, Pavl\u00e1k (N\u011bme\u010dek, Abrah\u00e1m) + Bla\u017eek za Sruby<\/p>\n<p><strong>branky:<\/strong> Pavl\u00e1k 2x, Bo\u0161t\u00edk Michal<\/p>\n<p>Tento z\u00e1pas jsme bojovali v\u00edce s v\u011btrem a sami se sebou ne\u017eli proti fotbalist\u016fm Srub\u016f, kter\u00fdm z nedostatku hr\u00e1\u010d\u016f \u0161el vypomoci n\u00e1\u0161 Jarda Bla\u017eek. Prvn\u00ed travnat\u00fd fotbal nab\u00eddl mnoho nep\u0159esnost\u00ed, ale z\u00e1pas jsme zvl\u00e1dli. Hr\u00e1lo se v p\u0159\u00e1telsk\u00e9m duchu a k vid\u011bn\u00ed bylo tak\u00e9 mnoho zahozen\u00fdch \u0161anc\u00ed na obou stran\u00e1ch. V\u011b\u0159\u00edme, \u017ee si v\u00edt\u011bzn\u00e9ho ducha p\u0159eneseme tak\u00e9 do prvn\u00edho ostr\u00e9ho startu ji\u017e tuto sobotu ve <strong>14:00 na UMT v \u00dast\u00ed nad Orlic\u00ed<\/strong>! V\u011b\u0159\u00edme, \u017ee jsme po piln\u011b absolvovan\u00e9 p\u0159\u00edprav\u011b nabrali tu spr\u00e1vnou chu\u0165 do fotbalu.<\/p>\n<p>P\u0159ij\u010fte n\u00e1s podpo\u0159it.<\/p>\n","protected":false},"excerpt":{"rendered":"<p>Tak u\u017e n\u00e1m chmurn\u00e9 a chladn\u00e9 dny vyh\u00e1n\u00ed jarn\u00ed slun\u00ed\u010dko, jen\u017e symbolizuje, \u017ee je ten spr\u00e1vn\u00fd \u010das, kopa\u010dkama po\u0161imrat travnat\u00fd pa\u017eit. Kola jarn\u00ed \u010d\u00e1sti se v na\u0161\u00ed I. B t\u0159\u00edd\u011b za\u010dnou rozt\u00e1\u010det ji\u017e tento v\u00edkend. V\u011bc je to nev\u00eddan\u00e1, jeliko\u017e jarn\u00ed \u010d\u00e1st se hraje po dlouh\u00fdch 3 letech (kv\u016fli korona menopauze nebyly dohr\u00e1ny 2 jarn\u00ed [&hellip;]<\/p>\n","protected":false},"author":88,"featured_media":0,"comment_status":"closed","ping_status":"closed","sticky":false,"template":"","format":"standard","meta":[],"categories":[8],"tags":[27],"_links":{"self":[{"href":"http:\/\/www.folibchavy.cz\/_www_\/wordpress\/wp-json\/wp\/v2\/posts\/4864"}],"collection":[{"href":"http:\/\/www.folibchavy.cz\/_www_\/wordpress\/wp-json\/wp\/v2\/posts"}],"about":[{"href":"http:\/\/www.folibchavy.cz\/_www_\/wordpress\/wp-json\/wp\/v2\/types\/post"}],"author":[{"embeddable":true,"href":"http:\/\/www.folibchavy.cz\/_www_\/wordpress\/wp-json\/wp\/v2\/users\/88"}],"replies":[{"embeddable":true,"href":"http:\/\/www.folibchavy.cz\/_www_\/wordpress\/wp-json\/wp\/v2\/comments?post=4864"}],"version-history":[{"count":6,"href":"http:\/\/www.folibchavy.cz\/_www_\/wordpress\/wp-json\/wp\/v2\/posts\/4864\/revisions"}],"predecessor-version":[{"id":4888,"href":"http:\/\/www.folibchavy.cz\/_www_\/wordpress\/wp-json\/wp\/v2\/posts\/4864\/revisions\/4888"}],"wp:attachment":[{"href":"http:\/\/www.folibchavy.cz\/_www_\/wordpress\/wp-json\/wp\/v2\/media?parent=4864"}],"wp:term":[{"taxonomy":"category","embeddable":true,"href":"http:\/\/www.folibchavy.cz\/_www_\/wordpress\/wp-json\/wp\/v2\/categories?post=4864"},{"taxonomy":"post_tag","embeddable":true,"href":"http:\/\/www.folibchavy.cz\/_www_\/wordpress\/wp-json\/wp\/v2\/tags?post=4864"}],"curies":[{"name":"wp","href":"https:\/\/api.w.org\/{rel}","templated":true}]}}