{"id":4596,"date":"2021-08-24T11:05:18","date_gmt":"2021-08-24T09:05:18","guid":{"rendered":"http:\/\/www.folibchavy.cz\/_www_\/wordpress\/?p=4596"},"modified":"2021-08-24T11:07:59","modified_gmt":"2021-08-24T09:07:59","slug":"libchavy-dorost-jablonne-nad-orlici-41-21","status":"publish","type":"post","link":"http:\/\/www.folibchavy.cz\/_www_\/wordpress\/libchavy-dorost-jablonne-nad-orlici-41-21\/","title":{"rendered":"Libchavy (dorost) \u2013 Jablonn\u00e9 nad Orlic\u00ed 4:1 (2:1)"},"content":{"rendered":"<p><strong>Branky: 25. Tepl\u00fd, 43. Klete\u010dka, 72. Fi\u0161er, 77. Dytrt \u2013 11. Kolesnyk<\/strong><\/p>\n<p><strong>Sestava Libchav:<\/strong><\/p>\n<p><strong>Svato\u0161 \u2013 Dvo\u0159\u00e1k, Mucha, Kollert, Honz\u00edk \u2013 Ko\u010d\u00ed, Klete\u010dka, Kol\u00e1\u0159 \u2013 Dytrt, Mar\u0161al\u00edk (58. Fi\u0161er), Tepl\u00fd<\/strong><\/p>\n<p><!--more--><\/p>\n<p>Do \u00favodn\u00edho utk\u00e1n\u00ed nov\u00e9 sezony jsme vstupovali s obavami vzhledem k tr\u00e9ninkov\u00e9 mor\u00e1lce v p\u0159\u00edpravn\u00e9m obdob\u00ed. Na\u0161i chlapci v\u0161ak podali velmi t\u00fdmov\u00fd v\u00fdkon, nezlomila je ani obdr\u017een\u00e1 branka hned v 11. minut\u011b utk\u00e1n\u00ed. Soupe\u0159 z Jablonn\u00e9ho se t\u00edmto g\u00f3lem trochu namlsal a polevil v aktivit\u011b. My se do z\u00e1pasu dostali povedenou p\u0159ihr\u00e1vkou \u0160imona Kol\u00e1\u0159e, kterou zu\u017eitkoval Tepl\u00fd a t\u011bsn\u011b p\u0159ed koncem polo\u010dasu n\u00e1s do veden\u00ed po dobr\u00e9m napad\u00e1n\u00ed dostal Klete\u010dka.<\/p>\n<p>A\u010dkoli kone\u010dn\u00fd v\u00fdsledek hovo\u0159\u00ed jednozna\u010dn\u011b, nemysl\u00edme si, \u017ee vyhr\u00e1l lep\u0161\u00ed t\u00fdm. Na\u0161i chlapci si v\u0161ak pro v\u00edt\u011bzstv\u00ed \u0161li jako t\u00fdm, zdobil je opravdu t\u00fdmov\u00fd v\u00fdkon v navz\u00e1jem podporuj\u00edc\u00ed atmosf\u00e9\u0159e.<\/p>\n<p>Na p\u0159edv\u00e1d\u011bn\u00fdch v\u00fdkonech chceme pracovat, abychom se prezentovali aktivn\u011bj\u0161\u00ed a b\u011bhav\u011bj\u0161\u00ed hrou.<\/p>\n<p>Autor : Ond\u0159ej Hlav\u00e1\u010dek<\/p>\n","protected":false},"excerpt":{"rendered":"<p>Branky: 25. Tepl\u00fd, 43. Klete\u010dka, 72. Fi\u0161er, 77. Dytrt \u2013 11. Kolesnyk Sestava Libchav: Svato\u0161 \u2013 Dvo\u0159\u00e1k, Mucha, Kollert, Honz\u00edk \u2013 Ko\u010d\u00ed, Klete\u010dka, Kol\u00e1\u0159 \u2013 Dytrt, Mar\u0161al\u00edk (58. Fi\u0161er), Tepl\u00fd<\/p>\n","protected":false},"author":32,"featured_media":0,"comment_status":"closed","ping_status":"closed","sticky":false,"template":"","format":"standard","meta":[],"categories":[35],"tags":[],"_links":{"self":[{"href":"http:\/\/www.folibchavy.cz\/_www_\/wordpress\/wp-json\/wp\/v2\/posts\/4596"}],"collection":[{"href":"http:\/\/www.folibchavy.cz\/_www_\/wordpress\/wp-json\/wp\/v2\/posts"}],"about":[{"href":"http:\/\/www.folibchavy.cz\/_www_\/wordpress\/wp-json\/wp\/v2\/types\/post"}],"author":[{"embeddable":true,"href":"http:\/\/www.folibchavy.cz\/_www_\/wordpress\/wp-json\/wp\/v2\/users\/32"}],"replies":[{"embeddable":true,"href":"http:\/\/www.folibchavy.cz\/_www_\/wordpress\/wp-json\/wp\/v2\/comments?post=4596"}],"version-history":[{"count":6,"href":"http:\/\/www.folibchavy.cz\/_www_\/wordpress\/wp-json\/wp\/v2\/posts\/4596\/revisions"}],"predecessor-version":[{"id":4603,"href":"http:\/\/www.folibchavy.cz\/_www_\/wordpress\/wp-json\/wp\/v2\/posts\/4596\/revisions\/4603"}],"wp:attachment":[{"href":"http:\/\/www.folibchavy.cz\/_www_\/wordpress\/wp-json\/wp\/v2\/media?parent=4596"}],"wp:term":[{"taxonomy":"category","embeddable":true,"href":"http:\/\/www.folibchavy.cz\/_www_\/wordpress\/wp-json\/wp\/v2\/categories?post=4596"},{"taxonomy":"post_tag","embeddable":true,"href":"http:\/\/www.folibchavy.cz\/_www_\/wordpress\/wp-json\/wp\/v2\/tags?post=4596"}],"curies":[{"name":"wp","href":"https:\/\/api.w.org\/{rel}","templated":true}]}}