{"id":4127,"date":"2020-08-06T16:09:39","date_gmt":"2020-08-06T14:09:39","guid":{"rendered":"http:\/\/www.folibchavy.cz\/_www_\/wordpress\/?p=4127"},"modified":"2020-08-06T16:23:39","modified_gmt":"2020-08-06T14:23:39","slug":"start-nove-sezony-i-b-tridy-2020-2021-a-ohlednuti-za-pripravou-a-tymu","status":"publish","type":"post","link":"http:\/\/www.folibchavy.cz\/_www_\/wordpress\/start-nove-sezony-i-b-tridy-2020-2021-a-ohlednuti-za-pripravou-a-tymu\/","title":{"rendered":"Start nov\u00e9 sez\u00f3ny I. B t\u0159\u00eddy 2020-2021 a ohl\u00e9dnut\u00ed za p\u0159\u00edpravou A-t\u00fdmu"},"content":{"rendered":"<p>Jsme tu zp\u011bt s pravideln\u00fdmi informacemi z fotbalov\u00fdch kulo\u00e1ru na\u0161eho A-t\u00fdmu, p\u0159ed v\u00fdkopem nov\u00e9ho ro\u010dn\u00edku I.B t\u0159\u00eddy Pardubick\u00e9ho kraje, kter\u00fd jak v\u0161ichni v\u011b\u0159\u00edme, bude regul\u00e9rn\u011b dohr\u00e1n, ale to v\u00ed opravdu jen v\u011b\u0161teck\u00e1 koule a Babi\u0161. \ud83d\ude42<\/p>\n<p>Jak si A-t\u00fdm vedl v p\u0159\u00edpravn\u00fdch utk\u00e1n\u00edch se dozv\u00edte n\u00ed\u017ee&#8230;<\/p>\n<p><!--more--><\/p>\n<p>V\u011bt\u0161in\u011b p\u0159\u00edznivc\u016f asi neunikla karant\u00e9nn\u00ed omezen\u00ed, tak\u017ee byla eliminov\u00e1na cel\u00e1 jarn\u00ed \u010d\u00e1st sout\u011b\u017ee, na kterou jsme byli p\u0159ipraveni, i d\u00edky kvalitn\u011b \u201eodmakan\u00e9mu\u201c \u00fanorov\u00e9mu soust\u0159ed\u011bn\u00ed v Dobru\u0161ce, jako snad nikdy v \u017eivot\u011b, co\u017e znamen\u00e1, \u017ee by n\u00e1s zajist\u00e9 zastavili a\u017e v lize, nicm\u00e9n\u011b v\u0161echny nab\u011bhan\u00e9 kilometry jsme nechali doma na kavalci. O to pak s v\u011bt\u0161\u00ed chut\u00ed a zarputilost\u00ed jsme se za\u010dali sch\u00e1zet koncem jara, abychom si v\u0161ichni ud\u011blali \u017e\u00edze\u0148, obm\u011bnili si tr\u00e9ninkov\u00e1 tri\u010dka za v\u011bt\u0161\u00ed velikosti a vr\u00e1tili se do hv\u011bzdn\u00e9 formy. N\u011bkomu se to je\u0161t\u011b nepoda\u0159ilo dodnes.:)\u00a0 Aby se prov\u011b\u0159ilo, jak jsme na tom byli v \u201esyrov\u00e9m\u201c stavu, pozvali jsme si na p\u0159elomu kv\u011btna\/\u010dervna na prvn\u00ed z\u00e1pas nejv\u011bt\u0161\u00edho favorita sout\u011b\u017ee, z \u010cesk\u00fdch He\u0159manic, kter\u00e9mu unikl postup do A. t\u0159\u00eddy jen o vz\u00e1jemn\u00fd z\u00e1pas na \u00fakor Letohradu B. Cel\u00fd rok tedy mus\u00ed zopakovat vyrovnan\u00e9 v\u00fdsledky, av\u0161ak p\u0159i jejich kvalit\u011b k\u00e1dru kolem Tom\u00e1\u0161e Jirs\u00e1ka, to asi nebude takov\u00fd probl\u00e9m. O motivaci v\u0161ak m\u00e1me postar\u00e1no. V okle\u0161t\u011bn\u00e9 sestav\u011b dopln\u011bn\u00e9 o dorostence jsme sice vedli ji\u017e v 1. minut\u011b 1:0 g\u00f3lem Pavl\u00e1ka z na\u0159\u00edzen\u00e9 penalty, po faulu na jeho sam\u00e9ho. To bylo v\u0161e a nakonec jsme si odnesli &#8220;\u00f3br&#8221; ranec 1:10.<\/p>\n<p>Na dal\u0161\u00ed z\u00e1pas jsme si op\u011bt pozvali do na\u0161\u00ed R\u017d areny okresn\u00edho soka z Brand\u00fdsa nad Orlic\u00ed. Zde jsme cht\u011bli napravit pr\u016f\u0161vih s He\u0159manicemi a da\u0159ilo se n\u00e1m vskutku dle zn\u00e1m\u00e9ho po\u0159ekadla: \u201eHopsa hejsa do s\u00edt\u011b Brandejsa\u201c, tak\u017ee jsme jim u\u0161t\u011bd\u0159ili n\u00e1klad 13:4 a srovnali si tak sk\u00f3re ze dvou z\u00e1pas\u016f na 14:14, za co\u017e si klepalo mnoho fotbalov\u00fdch odborn\u00edk\u016f na \u010delo, jeliko\u017e se jedn\u00e1 o v\u011bc fotbalov\u011b nev\u00eddanou.<\/p>\n<p>Branky: R\u00e1b 5x, Pavl\u00e1k 4x, Hodr 2x, Jetmar 1x, \u017d\u00eddek 1x<\/p>\n<p>Rozuzlen\u00ed na\u0161eho imagin\u00e1rn\u00edho Korona Cupu m\u011bl p\u0159in\u00e9st zaj\u00edmav\u00fd duel s A-t\u00fdmem Doln\u00edho \u00dajezdu.<\/p>\n<p>V n\u011bm jsme se sna\u017eili ze v\u0161ech sil, ale d\u00edky na\u0161\u00ed zbrklosti a nezku\u0161enosti jsme cel\u00e9 utk\u00e1n\u00ed tahali za krat\u0161\u00ed konec a soupe\u0159 trestal bravurn\u011b na\u0161e chyby. Jako kdyby t\u00fdden nejedl p\u016fsobil n\u00e1\u0161 R\u00ed\u0161a R\u00e1b, kter\u00fd soupe\u0159i nas\u00e1zel s\u00e1m v\u0161echny 4 branky. I tak to bylo v\u0161ak m\u00e1lo a ode\u0161li jsme pora\u017eeni 4:7.<\/p>\n<p>Bizarn\u00ed sk\u00f3re ze 3. z\u00e1pas\u016f 18:21 osv\u011btlilo na\u0161i \u201ecedn\u00edkovou\u201c obranu, ale i \u00fato\u010dn\u00fd apetit.<\/p>\n<p>Jako p\u0159\u00edpravu na novou sez\u00f3nu 2020\/2021, jej\u00ed\u017e setrv\u00e1n\u00ed je zat\u00edm ve hv\u011bzd\u00e1ch, jsme za\u010dali poh\u00e1rem UEFA alias o Poh\u00e1r Hejtmana Pardubick\u00e9ho kraje, proti \u00fa\u010dastn\u00edkovi krajsk\u00e9ho p\u0159eboru, t\u00fdmu z Pardubi\u010dek. Skv\u011bl\u00fd t\u00fdmov\u00fd a bojovn\u00fd v\u00fdkon v\u0161ak pro zm\u011bnu zma\u0159ila nemohoucnost v koncovce a tak\u00e9 zahozen\u00e1 penalta ostrost\u0159elce R\u00e1ba. To nemohlo dopadnout dob\u0159e, tak\u017ee jsme si p\u0159ipsali debakl 1:5. Jedinou pozitivn\u00ed v\u011bc\u00ed byl prvn\u00ed g\u00f3l za mu\u017ee na\u0161eho dorostence Jardy \u0160krob\u00e1nka. Povinnou fla\u0161ku aperitivu za prvn\u00ed g\u00f3l v A-t\u00fdmu jsem doposud nespat\u0159il, tak\u017ee v\u011b\u0159\u00edme, \u017ee z letn\u00ed brig\u00e1dy se n\u011bco urod\u00ed! \ud83d\ude42<\/p>\n<p>A\u010dkoliv jsme si nic jin\u00e9ho ne\u017e postup do II.kola nep\u0159ipou\u0161t\u011bli, museli jsme si nakonec p\u0159es &#8220;kontra-rozv\u011bdku&#8221; sjednat n\u00e1hradn\u00ed utk\u00e1n\u00ed, co\u017e se k velk\u00e9 spokojenosti nejednoho hr\u00e1\u010de v t\u00fdmu povedlo, s ambiciozn\u00edm dru\u017estvem TJ SOKOLA \u010cIST\u00c1. Z\u00e1pas se hr\u00e1l na mal\u00e9m av\u0161ak nov\u00e9m pl\u00e1cku u Litomy\u0161le a nastoupili jsme skoro v kompletn\u00edm slo\u017een\u00ed. Chyb\u011bli pouze vlasat\u00fd brank\u00e1\u0159 \u201eKoli\u201c Kollert, zrzav\u00fd \u0161amp\u00f3n Kuba Martin\u00e1k, chlapec od Kub\u00edka Jetty Jetmar a tak\u00e9 alkoholov\u00fd olympionik Jarda Bla\u017eek. \u010cist\u00e1, dopln\u011bna o b\u00fdval\u00e9 hr\u00e1\u010de litomy\u0161lsk\u00e9 Jiskry, v\u0161ak tak\u00e9 nebyla zcela kompletn\u00ed, av\u0161ak uk\u00e1zala velkou bojovnost i kvalitu. V\u011b\u0159\u00edme, \u017ee se jim brzy povede n\u00e1vrat mezi okresn\u00ed \u010di krajskou elitu.<\/p>\n<p>Z\u00e1pas byl bojovn\u00fd z obou stran. P\u0159emotivovan\u00fd a nachlazen\u00edm zmo\u017een\u00fd Pavl\u00e1k zazdil v \u00favodu penaltu, ale trouf\u00e1m si tvrdit, \u017ee to bylo poprv\u00e9 za jeho &#8220;oslnivou&#8221; kari\u00e9ru, kdy p\u0159ekopl br\u00e1nu o pouh\u00e9 2 metry. \ud83d\ude42 N\u011bkolik slibn\u00fdch \u0161anc\u00ed jsme m\u011bli my i soupe\u0159, ale bez vyu\u017eit\u00ed. Kr\u00e1sn\u00fdm g\u00f3lem otev\u0159el sk\u00f3re M\u00ed\u0161a Bo\u0161t\u00edk po p\u011bkn\u00e9 akci a vysunut\u00edm od R\u00ed\u0161i R\u00e1ba. O n\u011bkolik minut pozd\u011bji p\u0159idal v\u00edt\u011bznou trefu pr\u00e1v\u011b R\u00ed\u0161a R\u00e1b, kter\u00fd v samostatn\u00e9m \u00faniku nedal golmanovi \u0161anci. Soupe\u0159 korigoval ke konci utk\u00e1n\u00ed po na\u0161\u00ed defenzivn\u00ed chyb\u011b, tak\u017ee bych na\u0161e p\u0159\u00edpravn\u00e9 z\u00e1polen\u00ed p\u0159irovnal k letn\u00edmu po\u010das\u00ed. Chv\u00edli jasno a chv\u00edli obla\u010dno. Nyn\u00ed se v\u0161ak v\u0161e up\u00edn\u00e1 k prvn\u00edmu mistrovsk\u00e9mu z\u00e1pasu, kter\u00fd sehrajeme tam, kde jsme lo\u0148skou polovi\u010dn\u00ed sez\u00f3nu uzav\u0159eli, tedy v Moravsk\u00e9 T\u0159ebov\u00e9, kde se utk\u00e1me v sobotu 8.8. 2020 od 17:00 s m\u00edstn\u00edm B-t\u00fdmem. Douf\u00e1me, \u017ee i m\u00edstn\u00ed t\u0159ebov\u0161t\u00ed fanou\u0161ci n\u00e1m budou op\u011bt naklon\u011bni jako loni.<\/p>\n<p>Injury news: Bohu\u017eel se budeme muset n\u011bjak\u00fd \u010das obej\u00edt bez \u00fato\u010dn\u00e9ho esa R\u00ed\u0161i R\u00e1ba, kter\u00fd si p\u0159i tr\u00e9ninku zjevn\u011b nat\u00e1hl p\u0159itahova\u010d v rozkroku (tedy nespecifikovan\u00e9 zran\u011bn\u00ed doln\u00ed \u010d\u00e1sti t\u011bla)<\/p>\n<p>Zveme v\u0161echny na\u0161e fanou\u0161ky, jeliko\u017e dle v\u011b\u0161teck\u00e9 koule a neomyln\u00e9 \u017e\u00e1by rosni\u010dky, bychom m\u011bli nyn\u00ed vyhr\u00e1t. V\u011b\u0159\u00edm, \u017ee budeme dostate\u010dn\u011b p\u0159ipraveni a \u00favod nov\u00e9 sez\u00f3ny zvl\u00e1dneme.<\/p>\n","protected":false},"excerpt":{"rendered":"<p>Jsme tu zp\u011bt s pravideln\u00fdmi informacemi z fotbalov\u00fdch kulo\u00e1ru na\u0161eho A-t\u00fdmu, p\u0159ed v\u00fdkopem nov\u00e9ho ro\u010dn\u00edku I.B t\u0159\u00eddy Pardubick\u00e9ho kraje, kter\u00fd jak v\u0161ichni v\u011b\u0159\u00edme, bude regul\u00e9rn\u011b dohr\u00e1n, ale to v\u00ed opravdu jen v\u011b\u0161teck\u00e1 koule a Babi\u0161. \ud83d\ude42 Jak si A-t\u00fdm vedl v p\u0159\u00edpravn\u00fdch utk\u00e1n\u00edch se dozv\u00edte n\u00ed\u017ee&#8230;<\/p>\n","protected":false},"author":88,"featured_media":0,"comment_status":"closed","ping_status":"closed","sticky":false,"template":"","format":"standard","meta":[],"categories":[8],"tags":[],"_links":{"self":[{"href":"http:\/\/www.folibchavy.cz\/_www_\/wordpress\/wp-json\/wp\/v2\/posts\/4127"}],"collection":[{"href":"http:\/\/www.folibchavy.cz\/_www_\/wordpress\/wp-json\/wp\/v2\/posts"}],"about":[{"href":"http:\/\/www.folibchavy.cz\/_www_\/wordpress\/wp-json\/wp\/v2\/types\/post"}],"author":[{"embeddable":true,"href":"http:\/\/www.folibchavy.cz\/_www_\/wordpress\/wp-json\/wp\/v2\/users\/88"}],"replies":[{"embeddable":true,"href":"http:\/\/www.folibchavy.cz\/_www_\/wordpress\/wp-json\/wp\/v2\/comments?post=4127"}],"version-history":[{"count":9,"href":"http:\/\/www.folibchavy.cz\/_www_\/wordpress\/wp-json\/wp\/v2\/posts\/4127\/revisions"}],"predecessor-version":[{"id":4138,"href":"http:\/\/www.folibchavy.cz\/_www_\/wordpress\/wp-json\/wp\/v2\/posts\/4127\/revisions\/4138"}],"wp:attachment":[{"href":"http:\/\/www.folibchavy.cz\/_www_\/wordpress\/wp-json\/wp\/v2\/media?parent=4127"}],"wp:term":[{"taxonomy":"category","embeddable":true,"href":"http:\/\/www.folibchavy.cz\/_www_\/wordpress\/wp-json\/wp\/v2\/categories?post=4127"},{"taxonomy":"post_tag","embeddable":true,"href":"http:\/\/www.folibchavy.cz\/_www_\/wordpress\/wp-json\/wp\/v2\/tags?post=4127"}],"curies":[{"name":"wp","href":"https:\/\/api.w.org\/{rel}","templated":true}]}}