{"id":4083,"date":"2019-12-12T13:32:01","date_gmt":"2019-12-12T12:32:01","guid":{"rendered":"http:\/\/www.folibchavy.cz\/_www_\/wordpress\/?p=4083"},"modified":"2019-12-12T13:33:15","modified_gmt":"2019-12-12T12:33:15","slug":"zhodnoceni-podzimu-2019","status":"publish","type":"post","link":"http:\/\/www.folibchavy.cz\/_www_\/wordpress\/zhodnoceni-podzimu-2019\/","title":{"rendered":"Zhodnocen\u00ed podzimu 2019"},"content":{"rendered":"<p><strong>LIBCHAVSK\u00dd FOTBAL &#8211; PODZIM 2019<\/strong><\/p>\n<p><strong>HODNOCEN\u00cd JEDNOTLIV\u00ddCH T\u00ddM\u016e<\/strong><!--more--><\/p>\n<p><strong>\u00a0<\/strong><\/p>\n<p><strong>A MU\u017dSTVO <\/strong><\/p>\n<p>Po podzimn\u00ed \u010d\u00e1sti sez\u00f3ny 2019\/20 skon\u010dilo mu\u017estvo na 4. m\u00edst\u011b se ziskem 24 bod\u016f a aktivn\u00edm sk\u00f3re 43:24 Nejlep\u0161\u00edm na\u0161im st\u0159elcem se stal Petr Pavl\u00e1k, kter\u00fd vst\u0159elil 14 branek, v\u00a0t\u011bsn\u00e9m z\u00e1v\u011bsu byl R\u00ed\u0161a R\u00e1b, kter\u00fd vst\u0159elil 12 branek. Za zm\u00ednku stoj\u00ed st\u0159eleck\u00fd koncert Petra Pavl\u00e1ka, kter\u00fd v\u00a0z\u00e1pase se \u017dichl\u00ednkem vst\u0159elil 7 branek. Mu\u017estvo se mus\u00ed vyvarovat zbyte\u010dn\u00fdch ztr\u00e1t v\u00a0z\u00e1pasech s\u00a0Jablonn\u00fdm, Kun\u010dinou a Sloupnic\u00ed, kde jsme soupe\u0159\u016fm body darovali. Opakem byl dom\u00e1c\u00ed z\u00e1pas se \u017dichl\u00ednkem kde si na\u0161e mu\u017estvo otev\u0159elo st\u0159elnici a vyhr\u00e1lo 12:1.<\/p>\n<p>V\u00a0zimn\u00ed p\u0159est\u00e1vce se chceme kvalitn\u011b p\u0159ipravit na jarn\u00ed sez\u00f3nu a pokusit se atakovat p\u0159edn\u00ed p\u0159\u00ed\u010dky. Pod\u011bkov\u00e1n\u00ed pat\u0159\u00ed veden\u00ed klubu za vytvo\u0159en\u00e9 podm\u00ednky a p\u0159edev\u0161\u00edm na\u0161\u00edm v\u011brn\u00fdm fanou\u0161k\u016fm, kte\u0159\u00ed n\u00e1s jezd\u00ed povzbuzovat i na venkovn\u00ed z\u00e1pasy.<\/p>\n<p>Tren\u00e9r: <strong>Tom\u00e1\u0161 Abt<\/strong><\/p>\n<p>Tren\u00e9r brank\u00e1\u0159\u016f<strong>: Tom\u00e1\u0161 Kollert<\/strong><\/p>\n<p>Vedouc\u00ed mu\u017estva: <strong>Veronika Moravcov\u00e1<\/strong><\/p>\n<p>&nbsp;<\/p>\n<p>Napsal: Tom\u00e1\u0161 Abt<\/p>\n<p><strong>\u00a0<\/strong><\/p>\n<p><strong>\u00a0<\/strong><\/p>\n<p><strong>DOROST<\/strong><\/p>\n<p>Podzimn\u00ed \u010d\u00e1st sez\u00f3ny jsme zah\u00e1jili p\u0159\u00edpravou v z\u00e1v\u011bru \u010dervence a ukon\u010dili posledn\u00ed v\u00edkend v\u00a0listopadu sehr\u00e1n\u00edm z\u00e1v\u011bre\u010dn\u00e9ho mistrovsk\u00e9ho utk\u00e1n\u00ed v Chrudimi. Sout\u011b\u017e (Krajsk\u00fd p\u0159ebor Pardubick\u00e9ho kraje) byla v\u00a0leto\u0161n\u00edm roce velmi n\u00e1ro\u010dn\u00e1, nebo\u0165 v\u00a0n\u00ed figurovalo 18 mu\u017estev, co\u017e obn\u00e1\u0161elo sehr\u00e1n\u00ed 17 mistrovsk\u00fdch utk\u00e1n\u00ed. Prvn\u00ed \u010d\u00e1st podzimu se n\u00e1m celkem v\u00fdsledkov\u011b povedla, v\u00a0druh\u00e9 ji\u017e na\u0161e v\u00fdkony postr\u00e1daly pat\u0159i\u010dnou kvalitu. Po\u010det vyhran\u00fdch z\u00e1pas\u016f (9) v\u0161ak v\u00a0kone\u010dn\u00e9m vyzn\u011bn\u00ed p\u0159ekra\u010duje po\u010det z\u00e1pas\u016f prohran\u00fdch (8). Tr\u00e9ninkov\u00fd proces se\u00a0odehr\u00e1val t\u0159ikr\u00e1t t\u00fddn\u011b v\u00a0prostor\u00e1ch na\u0161eho h\u0159i\u0161t\u011b s\u00a0t\u00edm, \u017ee se jej celkem pravideln\u011b \u00fa\u010dastnila v\u011bt\u0161ina z 21 hr\u00e1\u010d\u016f, kte\u0159\u00ed tvo\u0159\u00ed k\u00e1dr dorosteneck\u00e9ho mu\u017estva.<\/p>\n<p>Tr\u00e9nov\u00e1n\u00ed se v\u011bnoval kolektiv tren\u00e9r\u016f: <strong>Ondra Hlav\u00e1\u010dek, Jirka Faltys, Martin Brodsk\u00fd a Tom\u00e1\u0161 Kollert<\/strong><\/p>\n<p>Napsal: Tom\u00e1\u0161 Kollert<\/p>\n<p><strong>\u00a0<\/strong><\/p>\n<p><strong>\u00a0<\/strong><\/p>\n<p><strong>\u00a0<\/strong><\/p>\n<p><strong>\u00a0<\/strong><\/p>\n<p><strong>MLAD\u0160\u00cd a STAR\u0160\u00cd \u017d\u00c1CI<\/strong><\/p>\n<p>O kolektiv star\u0161\u00edch i mlad\u0161\u00edch \u017e\u00e1ku se spole\u010dn\u011b staraj\u00ed <strong>Petr Musil, Richard R\u00e1b, Richard Pr\u00e1\u0161il, David Fi\u0161er, Milan \u0160alda, Pavel Rejent ml. a Radim \u017d\u00eddek.<\/strong><\/p>\n<p>Oba celky tr\u00e9nuj\u00ed 3 x t\u00fddn\u011b a tr\u00e9ninkov\u00e1 doch\u00e1zka je na dobr\u00e9 \u00farovni. \u017d\u00e1kovsk\u00e9 mu\u017estva hraj\u00ed krajsk\u00fd p\u0159ebor pardubick\u00e9ho kraje &#8211; skupinu B.<\/p>\n<p>Na podzim jsme odehr\u00e1li 11 sout\u011b\u017en\u00edch utk\u00e1n\u00ed. Mlad\u0161\u00ed \u017e\u00e1ci si vedou na v\u00fdbornou a v polovin\u011b sout\u011b\u017ee jsou na druh\u00e9m m\u00edst\u011b pr\u016fb\u011b\u017en\u00e9 tabulky. Rozd\u00edlov\u00fdm hr\u00e1\u010dem v mlad\u0161\u00edch \u017e\u00e1c\u00edch je Craig Henderson, kter\u00fd vede tabulku st\u0159elc\u016f sout\u011b\u017ee. Dal\u0161\u00ed v\u00fdznamn\u00fd po\u010din zaznamenala Ad\u00e9la Vrabcov\u00e1, kter\u00e1 se dostala do reprezenta\u010dn\u00edho v\u00fdb\u011bru Moravy v kategorii d\u00edvek.<\/p>\n<p>Star\u0161\u00ed \u017e\u00e1ci sice srdnat\u011b bojuj\u00ed, ale v\u011bt\u0161inou na sv\u00e9 fyzicky zdatn\u011bj\u0161\u00ed soupe\u0159e nesta\u010d\u00ed. V polovin\u011b sout\u011b\u017ee jsou na 11. m\u00edst\u011b. Absence hr\u00e1\u010d\u016f vrcholov\u00e9ho ro\u010dn\u00edku 2005 je velmi citeln\u00e1, ale p\u0159in\u00e1\u0161\u00ed dobr\u00e9 vyhl\u00eddky na p\u0159\u00ed\u0161t\u00ed rok pro ro\u010dn\u00edk 2006 a 2007. Tento rok kluci sb\u00edraj\u00ed cenn\u00e9 zku\u0161enosti a v\u011b\u0159\u00edm, \u017ee v p\u0159\u00ed\u0161t\u00edm sout\u011b\u017en\u00edm ro\u010dn\u00edku je zcela jist\u011b zu\u017eitkujeme.<\/p>\n<p>Napsal: Petr Musil<\/p>\n<p><strong>\u00a0<\/strong><\/p>\n<p><strong>STAR\u0160\u00cd P\u0158\u00cdPRAVKA<\/strong><\/p>\n<p>Jak\u00fd byl podzim u t\u00fdmu star\u0161\u00ed p\u0159\u00edpravky (ro\u010d.2009 + 2010)???<\/p>\n<p>P\u0159ed zah\u00e1jen\u00edm nov\u00e9 fotbalov\u00e9 sez\u00f3ny 2019\/2020 n\u00e1s, tedy \u201eb\u00fdval\u00fd\u201c ro\u010dn\u00edk mlad\u0161\u00ed p\u0159\u00edpravky 2010, \u010dekalo n\u011bkolik zm\u011bn\u2026 ro\u010dn\u00edk narozen\u00ed 2010 se spojil s\u00a0ro\u010dn\u00edkem 2009 a spole\u010dn\u011b tak vytvo\u0159ily nov\u00fd t\u00fdm \u201estar\u0161\u00ed p\u0159\u00edpravka\u201c. A z\u00e1rove\u0148 tento t\u00fdm p\u0159evzali nov\u00ed tren\u00e9\u0159i \u2013 jako hlavn\u00ed tren\u00e9r pan <strong>Zden\u011bk Kocman<\/strong>, jeho asistentem je pan <strong>Ladislav Pachta<\/strong> a jim jsou k\u00a0dispozici dal\u0161\u00ed asistenti \u2013 <strong>Petr Fl\u00eddr<\/strong> a <strong>Martin Rybka<\/strong>.<\/p>\n<p>Tren\u00e9r Zden\u011bk Kocman p\u0159edal svoje kr\u00e1tk\u00e9 zhodnocen\u00ed podzimn\u00ed sezony\u2026.<\/p>\n<p>Tr\u00e9ninkov\u00fd proces za\u010dal tradi\u010dn\u00edm soust\u0159ed\u011bn\u00edm na h\u0159i\u0161ti u Mysliveck\u00e9 chaty v\u00a0term\u00ednu od 5. 8. do 9.8.2019. Podm\u00ednky pro tr\u00e9nov\u00e1n\u00ed byly v\u00fdborn\u00e9, h\u0159i\u0161t\u011b bylo v\u017edy p\u0159ipraven\u00e9 a po\u010das\u00ed bylo n\u00e1dhern\u00e9. \u00da\u010dastnili se t\u00e9m\u011b\u0159 v\u0161ichni hr\u00e1\u010di, co\u017e bylo prima pro vz\u00e1jemn\u00e9 pozn\u00e1n\u00ed se a nalad\u011bn\u00ed se p\u0159ed sezonou.<\/p>\n<p>Po soust\u0159ed\u011bn\u00ed prob\u00edhaly tr\u00e9ninkov\u00e9 jednotky pro ty hr\u00e1\u010de, kte\u0159\u00ed zrovna mohli a nebyli n\u011bkde na t\u00e1borech, dovolen\u00fdch, u babi\u010dek\u2026. Ale od z\u00e1\u0159\u00ed ji\u017e za\u010dal standardn\u00ed tr\u00e9ninkov\u00fd pl\u00e1n \u2013 3x t\u00fddn\u011b \u2013 pond\u011bl\u00ed, st\u0159eda, p\u00e1tek, kdy se vyu\u017e\u00edvaly postupn\u011b v\u0161echny tr\u00e9ninkov\u00e9 i hrac\u00ed plochy \u2013 h\u0159i\u0161t\u011b u Mysliveck\u00e9 chaty, h\u0159i\u0161t\u011b s\u00a0um\u011blou tr\u00e1vou i hlavn\u00ed h\u0159i\u0161t\u011b. Do k\u00e1dru star\u0161\u00ed p\u0159\u00edpravky nastoupilo celkem 22 hr\u00e1\u010d\u016f, z\u00a0\u010deho\u017e bylo 12 hr\u00e1\u010d\u016f ro\u010dn\u00edku 2010 a 10 hr\u00e1\u010d\u016f ro\u010dn\u00edku 2009. B\u011bhem podzimu postupn\u011b ukon\u010dili \u010dinnost 3 hr\u00e1\u010di (na vlastn\u00ed \u017e\u00e1dost) a k\u00e1dr pos\u00edlil jeden nov\u00e1\u010dek ro\u010dn\u00edku 2009.<\/p>\n<p>Je\u0161t\u011b o pr\u00e1zdnin\u00e1ch se t\u00fdm z\u00fa\u010dastnil tradi\u010dn\u00edho turnaje v\u00a0Opo\u010dn\u011b (24.8.), odkud si odvezli kr\u00e1sn\u00e9 (i kdy\u017e trochu \u201ebolav\u00e9\u201c 4.m\u00edsto).<\/p>\n<p>Cel\u00fd t\u00fdm star\u0161\u00ed p\u0159\u00edpravky byl podle hern\u00ed kvality hr\u00e1\u010d\u016f rozd\u011blen na t\u00fdm \u201eA\u201c a t\u00fdm \u201eB\u201c. Od z\u00e1\u0159\u00ed pak hr\u00e1\u010di nastupovali ve 2 sout\u011b\u017e\u00edch \u2013 hr\u00e1li Krajskou sout\u011b\u017e star\u0161\u00edch p\u0159\u00edpravek (prim\u00e1rn\u011b hr\u00e1\u010di t\u00fdmu \u201eA\u201c) a Okresn\u00ed p\u0159ebor star\u0161\u00edch p\u0159\u00edpravek (prim\u00e1rn\u011b hr\u00e1\u010di t\u00fdmu \u201eB\u201c). V\u00a0obou t\u011bchto sout\u011b\u017e\u00edch dosahovali v\u00fdborn\u00fdch v\u00fdsledk\u016f. T\u00fdm \u201eA\u201c z\u00a021 utk\u00e1n\u00ed 17 z\u00a0nich vyhr\u00e1l, ve 2 p\u0159\u00edpadech remizoval a pouze 2 utk\u00e1n\u00ed z\u00a0cel\u00e9ho podzimu podlehl soupe\u0159i. Kone\u010dn\u00e9 sk\u00f3re bylo v\u00a0n\u00e1\u0161 prosp\u011bch v\u00a0pom\u011bru 177 vst\u0159elen\u00fdch :29 obdr\u017een\u00fdch branek. T\u00fdm \u201eB\u201c m\u011bl pom\u011br utk\u00e1n\u00ed stejn\u00fd \u2013 z\u00a021 z\u00e1pas\u016f jich 17 vyhr\u00e1li, 2 remizovali a 2 prohr\u00e1li a jejich sk\u00f3re bylo 172:46.<\/p>\n<p>V\u00a0pr\u016fb\u011bhu podzimu si na sebe postupn\u011b v\u0161ichni zvykli (tren\u00e9\u0159i na svoje sv\u011b\u0159ence i obr\u00e1cen\u011b \u2013 hr\u00e1\u010di na svoje tren\u00e9ry, ale s\u017e\u00edvali se i rodi\u010de s\u00a0nov\u00fdmi tren\u00e9ry a jejich p\u0159\u00edstupy).<\/p>\n<p>Novinkou pro ro\u010dn\u00edk 2010 je, \u017ee se ji\u017e velmi z\u0159\u00eddka tr\u00e9nuje v\u00a0t\u011blocvi\u010dn\u011b, pokud po\u010das\u00ed jen trochu dovoluje, st\u00e1le se tr\u00e9nuje venku, co\u017e by m\u011blo postupn\u011b blahod\u00e1rn\u011b prosp\u011bt i imunit\u011b v\u0161ech hr\u00e1\u010d\u016f\u2026<\/p>\n<p>Nyn\u00ed n\u00e1s \u010dek\u00e1 do konce roku u\u017e jen tradi\u010dn\u00ed dom\u00e1c\u00ed v\u00e1no\u010dn\u00ed turnaj (v sobotu 7.12) a pak setk\u00e1n\u00ed na ukon\u010den\u00ed roku a v\u00e1no\u010dn\u00ed odpo\u010dinek, pr\u00e1zdniny, d\u00e1re\u010dky, cukrov\u00ed, poh\u00e1dky a dom\u00e1c\u00ed pohodi\u010dka\u2026. J<\/p>\n<p>D\u011bkujeme v\u0161em, kte\u0159\u00ed n\u00e1\u0161 t\u00fdm sleduj\u00ed a dr\u017e\u00ed n\u00e1m p\u011bsti, d\u011bkujeme d\u011btem za jejich snahu neust\u00e1le se zlep\u0161ovat, d\u011bkujeme tren\u00e9r\u016fm za to, \u017ee se ve sv\u00e9m voln\u00e9m \u010dase v\u011bnuj\u00ed na\u0161im d\u011btem a jejich sportovn\u00edmu rozvoji a v\u0161em p\u0159ejeme kr\u00e1sn\u00e9 pro\u017eit\u00ed v\u00e1no\u010dn\u00edch sv\u00e1tk\u016f a hodn\u011b zdrav\u00ed a spokojenosti do roku 2020.<\/p>\n<p>Za t\u00fdm rodi\u010d\u016f a fanou\u0161k\u016f star\u0161\u00ed p\u0159\u00edpravky sepsala t\u011bchto p\u00e1r \u0159\u00e1dk\u016f.<\/p>\n<p>Zita Kr\u010d\u00e1lov\u00e1<\/p>\n<p>&nbsp;<\/p>\n<p><strong>MLAD\u0160\u00cd P\u0158\u00cdPRAVKA<\/strong><\/p>\n<p>Podzimn\u00ed \u010d\u00e1st jsme zah\u00e1jili spole\u010dn\u011b se star\u0161\u00ed p\u0159\u00edpravkou fotbalov\u00fdm kempem na myslivn\u011b za\u010d\u00e1tkem srpna. Kluci v pr\u016fb\u011bhu t\u00fddne n\u011bco natr\u00e9novali, v lese stav\u011bli po cel\u00fd t\u00fdden bunkry, kter\u00e9 n\u00e1sledn\u011b v p\u00e1tek rozebrali a uklidili, aby nez\u016fstal nepo\u0159\u00e1dek \ud83d\ude42 a hlavn\u011b tmelili kolektiv. Pln\u00e9 tr\u00e9ninky za\u010dali od t\u0159et\u00edho srpnov\u00e9ho t\u00fddne v\u017edy v \u00fater\u00fd a v p\u00e1tek. \u010cekala n\u00e1s nov\u00e1 krajsk\u00e1 sout\u011b\u017e, v\u017edy\u0165 krom\u011b dvou kluk\u016f v\u0161ichni p\u0159e\u0161li ze \u0161koli\u010dky. Pro hr\u00e1\u010de to znamenalo konfrontaci s lep\u0161\u00ed hern\u00ed kvalitou, pro rodi\u010de del\u0161\u00ed cesty na z\u00e1pasy. Nicm\u00e9n\u011b jsme se s t\u00edm v\u0161ichni popasovali a kluci odehr\u00e1li celkem sedm turnaj\u016f. N\u011bkter\u00e9 se povedli v\u00edce, n\u011bkter\u00e9 m\u00e9n\u011b ale v kone\u010dn\u00e9m hodnocen\u00ed jsme n\u011bkde uprost\u0159ed tabulky (\u0161koda, \u017ee se nevede). Podzimn\u00ed \u010d\u00e1st jsme zakon\u010dili tradi\u010dn\u00edm bowlingem a dom\u00e1c\u00edm turnajem v t\u011blocvi\u010dn\u011b. Zimn\u00ed p\u0159est\u00e1vka n\u00e1m skon\u010d\u00ed brzy, nebo\u0165 ji\u017e 25. ledna m\u00e1me prvn\u00ed turnaj roku 2020.<\/p>\n<p>Sestava: Oliver Ros\u00e1k, Petr Nov\u00e1k, V\u00edtek P\u011bknic, Mates \u0160eda, Mat\u011bj \u0160t\u011bch, Kuba \u0160korv\u00e1nek, P\u0159\u00e9ma Kalousek, Dom\u010da \u010cerm\u00e1k, Maty\u00e1\u0161 Kov\u00e1\u0159, Max Sedl\u00e1k<\/p>\n<p>Tren\u00e9\u0159i<strong>: Jarda P\u011bknic, Petr Nov\u00e1k, Jirka \u0160eda, <\/strong><\/p>\n<p>Napsal: Jarda P\u011bknic<\/p>\n<p><em>foto Mlad\u0161\u00ed p\u0159\u00edpravky<\/em><\/p>\n<p><strong>\u00a0<\/strong><\/p>\n<p><strong>FOTBALOV\u00c1 \u0160KOLI\u010cKA<\/strong><\/p>\n<p>Za\u010d\u00e1tkem roku 2019 jsem p\u0159evzal 4 d\u011bti ro\u010dn\u00edku 2014 a mlad\u0161\u00ed od Jardy P\u011bknice z\u00a0mlad\u0161\u00ed p\u0159\u00edpravky. Nejprve jsme tr\u00e9novali 1x t\u00fddn\u011b v t\u011blocvi\u010dn\u011b a\u00a0po p\u0159echodu na hlavn\u00ed h\u0159i\u0161t\u011b jsme za\u010dali tr\u00e9novat 2x t\u00fddn\u011b. K dne\u0161n\u00edmu dni se n\u00e1\u0161 po\u010det rozrostl na 14 d\u011bt\u00ed ro\u010dn\u00edku narozen\u00ed 2014,2015 a 2016. Co\u017e n\u00e1s velice t\u011b\u0161\u00ed. Je t\u0159eba \u0159\u00edct, \u017ee zat\u00edm to s fotbalem nem\u00e1 moc spole\u010dn\u00e9ho, ale ka\u017ed\u00fdm tr\u00e9ninkem je vid\u011bt r\u016fst t\u011bchto d\u011bt\u00ed p\u0159i pr\u00e1ci s bal\u00f3nem. V\u011b\u0159\u00edm, \u017ee v nadch\u00e1zej\u00edc\u00edm roce se nau\u010d\u00ed plno dal\u0161\u00edch dovednost\u00ed.<\/p>\n<p>D\u011btem a jejich rodi\u010d\u016fm bych cht\u011bl pop\u0159\u00e1t kr\u00e1sn\u00e9 a klidn\u00e9 V\u00e1noce a do nov\u00e9ho roku 2020 hodn\u011b zdrav\u00ed, \u0161t\u011bst\u00ed a\u00a0\u00fasp\u011bch\u016f.<\/p>\n<p>\u0160koli\u010dku vede a zapsal: <strong>Roman \u017d\u010f\u00e1rsk\u00fd<\/strong><\/p>\n<p><strong>\u00a0<\/strong><\/p>\n<p><strong>ZAJ\u00cdMAV\u00c9 GESTO FAIR PLAY\u2026\u2026\u2026..<\/strong><\/p>\n<p>Fotbalov\u00fdm svazem jsem byl upozorn\u011bn na p\u0159\u00edkladn\u00fd \u010din na\u0161eho hr\u00e1\u010de mlad\u0161\u00edch \u017e\u00e1k\u016f <strong>Vondry Mat\u011bje<\/strong>. P\u0159i fotbalov\u00e9m utk\u00e1n\u00ed P\u0159elovice \u2013 Libchavy se panu rozhod\u010d\u00edmu \u201ep\u0159iznal\u201c, \u017ee sv\u00e9ho protihr\u00e1\u010de fauloval. Pan rozhod\u010d\u00ed Kolbaba Pavel se domn\u00edval, \u017ee hr\u00e1\u010d P\u0159elovic podklouzl. Tato ud\u00e1lost se odehr\u00e1la v\u00a0na\u0161em pokutov\u00e9m \u00fazem\u00ed, pan rozhod\u010d\u00ed sv\u00e9 rozhodnut\u00ed zm\u011bnil, na\u0159\u00eddil pokutov\u00fd kop, z\u00a0kter\u00e9ho jsme obdr\u017eeli branku. Pan rozhod\u010d\u00ed Mat\u011bje pochv\u00e1lil a zapsal tuto ud\u00e1lost do \u00fa\u0159edn\u00edho z\u00e1pisu o utk\u00e1n\u00ed, kter\u00e9 m\u00e1me k\u00a0dispozici.<\/p>\n<p>Pat\u0159\u00ed d\u00edk v\u0161em tren\u00e9r\u016fm \u017e\u00e1k\u016f, \u017ee sv\u00e9 sv\u011b\u0159ence vedou k\u00a0\u010destn\u00e9mu jedn\u00e1n\u00ed i ve fotbale, kter\u00fd je mnohdy jen kritizov\u00e1n.<\/p>\n<p>V\u00fdborn\u011b Mat\u011bji.<\/p>\n<p>Zapsal: Musil Josef<\/p>\n<p><strong>\u00a0<\/strong><\/p>\n<p><strong>\u00a0<\/strong><\/p>\n<p><strong>SLOVO Z\u00c1V\u011aREM<\/strong><\/p>\n<p>Sportovn\u00ed hledisko na\u0161ich mu\u017estev, jste si mohli p\u0159e\u010d\u00edst z\u00a0jednotliv\u00fdch p\u0159\u00edsp\u011bvk\u016f na\u0161ich tren\u00e9r\u016f.<\/p>\n<p>Jsem r\u00e1d, \u017ee p\u0159es n\u00e1ro\u010dn\u00e9 tren\u00e9rsk\u00e9 ro\u0161\u00e1dy se n\u00e1m da\u0159\u00ed udr\u017eet mu\u017estva ve v\u0161ech v\u011bkov\u00fdch kategori\u00ed \u2013 krom\u011b mu\u017e\u016f &#8211; m\u00e1me dorost, mlad\u0161\u00ed a star\u0161\u00ed \u017e\u00e1ky, dv\u011b mu\u017estva star\u0161\u00ed p\u0159\u00edpravky, mu\u017estvo mlad\u0161\u00ed p\u0159\u00edpravky a fotbalovou \u0161koli\u010dku. Je to z\u00e1sluhou hlavn\u011b v\u0161ech na\u0161ich tren\u00e9r\u016f, kte\u0159\u00ed ob\u011btuj\u00ed sv\u016fj voln\u00fd \u010das na v\u00fdchovu mal\u00fdch fotbalist\u016f \u2013 pokud jsem dob\u0159e po\u010d\u00edtal, tak v\u0161em mu\u017estv\u016fm od mu\u017e\u016f po \u0161koli\u010dku se v\u011bnuje 19 tren\u00e9r\u016f.<\/p>\n<p>Na\u0161e \u010dlensk\u00e1 z\u00e1kladna je skute\u010dn\u011b mlad\u00e1, pokud po\u010d\u00edt\u00e1me mlad\u00e9 fotbalisty od roku narozen\u00ed 1997\u00a0 a\u017e po 2016 dojdeme k\u00a0\u010d\u00edslu 111 aktivn\u00edch hr\u00e1\u010d\u016f a hr\u00e1\u010dek, kte\u0159\u00ed tr\u00e9nuj\u00ed 2 kr\u00e1t nebo 3 kr\u00e1t t\u00fddn\u011b. D\u016fkazem toho, \u017ee n\u00e1m hr\u00e1\u010di z\u016fst\u00e1vaj\u00ed nebo se p\u0159\u00edpadn\u011b vracej\u00ed je i fakt, \u017ee v\u00a0sou\u010dasn\u00e9 dob\u011b \u00a0je na\u0161e A mu\u017estvo tvo\u0159eno a\u017e na t\u0159i v\u00fdjimky z\u00a0hr\u00e1\u010d\u016f, kte\u0159\u00ed maj\u00ed trval\u00e9 bydli\u0161t\u011b v\u00a0Libchav\u00e1ch, v\u00a0\u010cesk\u00fdch Libchav\u00e1ch a d\u00e1le z\u00a0hr\u00e1\u010d\u016f, kte\u0159\u00ed pro\u0161li na\u0161imi \u017e\u00e1kovsk\u00fdmi nebo dorosteneck\u00fdmi mu\u017estvy.<\/p>\n<p>Z\u00a0hlediska materi\u00e1ln\u011b technick\u00e9 z\u00e1kladny jsme zakoupili zahradn\u00ed traktor, na kter\u00fd jsme obdr\u017eeli dotaci od <strong>P<\/strong><strong>ardubick\u00e9 kraje ve v\u00fd\u0161i 85.000,- K\u010d.<\/strong> Pardubick\u00fd kraj n\u00e1m poskytl i na \u010dinnost ml\u00e1de\u017ee a to \u010d\u00e1stku <strong>ve v\u00fd\u0161i 15.000,- K\u010d<\/strong>. Nejv\u011bt\u0161\u00edm pomocn\u00edkem z hlediska financ\u00ed je n\u00e1\u0161 <strong>Obecn\u00ed \u00fa\u0159ad Libchavy<\/strong>, bez kter\u00e9ho bychom nebyli schopni zajistit chod odd\u00edlu na takov\u00e9 \u00farovni.\u00a0 Dal\u0161\u00ed finan\u010dn\u00ed prost\u0159edky z\u00edsk\u00e1v\u00e1me z\u00a0reklam a z\u00a0dar\u016f od n\u011bkolika soukrom\u00fdch firem. St\u00e1l\u00fdm sponzorem je i Obecn\u00ed \u00fa\u0159ad \u010cesk\u00e9 Libchavy. V\u00a0sou\u010dasn\u00e9 dob\u011b i \u00fasp\u011b\u0161n\u011b vyu\u017e\u00edv\u00e1me dota\u010dn\u00edho programu <strong>M\u0160MT \u010cR \u2013 \u201eM\u016fj klub\u201c,<\/strong> kter\u00fd je zam\u011b\u0159en na podporu ml\u00e1de\u017ee, v\u010detn\u011b mo\u017enosti finan\u010dn\u00edch odm\u011bn pro tren\u00e9ry ml\u00e1de\u017ee.<\/p>\n<p>D\u011bkuji v\u0161em hr\u00e1\u010d\u016fm, tren\u00e9r\u016fm, vedouc\u00edm mu\u017estev, rodi\u010d\u016fm a fand\u016fm za prosp\u011b\u0161nou \u010dinnost a spolupr\u00e1ci.<\/p>\n<p>P\u0159eji v\u0161em spoluob\u010dan\u016fm klidn\u00e9 a \u0161\u0165astn\u00e9 V\u00e1noce, zdrav\u00ed a spln\u011bn\u00ed pokud mo\u017eno v\u0161ech p\u0159\u00e1n\u00ed v\u00a0roce 2020.<\/p>\n<p><strong>\u00a0<\/strong><\/p>\n<p>Josef Musil<\/p>\n<p>p\u0159edseda fotbalov\u00e9ho odd\u00edlu<\/p>\n","protected":false},"excerpt":{"rendered":"<p>LIBCHAVSK\u00dd FOTBAL &#8211; PODZIM 2019 HODNOCEN\u00cd JEDNOTLIV\u00ddCH T\u00ddM\u016e<\/p>\n","protected":false},"author":4,"featured_media":0,"comment_status":"closed","ping_status":"closed","sticky":false,"template":"","format":"standard","meta":[],"categories":[1],"tags":[],"_links":{"self":[{"href":"http:\/\/www.folibchavy.cz\/_www_\/wordpress\/wp-json\/wp\/v2\/posts\/4083"}],"collection":[{"href":"http:\/\/www.folibchavy.cz\/_www_\/wordpress\/wp-json\/wp\/v2\/posts"}],"about":[{"href":"http:\/\/www.folibchavy.cz\/_www_\/wordpress\/wp-json\/wp\/v2\/types\/post"}],"author":[{"embeddable":true,"href":"http:\/\/www.folibchavy.cz\/_www_\/wordpress\/wp-json\/wp\/v2\/users\/4"}],"replies":[{"embeddable":true,"href":"http:\/\/www.folibchavy.cz\/_www_\/wordpress\/wp-json\/wp\/v2\/comments?post=4083"}],"version-history":[{"count":2,"href":"http:\/\/www.folibchavy.cz\/_www_\/wordpress\/wp-json\/wp\/v2\/posts\/4083\/revisions"}],"predecessor-version":[{"id":4085,"href":"http:\/\/www.folibchavy.cz\/_www_\/wordpress\/wp-json\/wp\/v2\/posts\/4083\/revisions\/4085"}],"wp:attachment":[{"href":"http:\/\/www.folibchavy.cz\/_www_\/wordpress\/wp-json\/wp\/v2\/media?parent=4083"}],"wp:term":[{"taxonomy":"category","embeddable":true,"href":"http:\/\/www.folibchavy.cz\/_www_\/wordpress\/wp-json\/wp\/v2\/categories?post=4083"},{"taxonomy":"post_tag","embeddable":true,"href":"http:\/\/www.folibchavy.cz\/_www_\/wordpress\/wp-json\/wp\/v2\/tags?post=4083"}],"curies":[{"name":"wp","href":"https:\/\/api.w.org\/{rel}","templated":true}]}}