{"id":3512,"date":"2019-06-19T10:02:11","date_gmt":"2019-06-19T08:02:11","guid":{"rendered":"http:\/\/www.folibchavy.cz\/_www_\/wordpress\/?p=3512"},"modified":"2019-06-19T16:28:10","modified_gmt":"2019-06-19T14:28:10","slug":"lazio-libchavy-sampdoria-janov-53-21","status":"publish","type":"post","link":"http:\/\/www.folibchavy.cz\/_www_\/wordpress\/lazio-libchavy-sampdoria-janov-53-21\/","title":{"rendered":"Lazio Libchavy \u2013 Sampdoria Janov  5:3 (2:1)"},"content":{"rendered":"\n<p>SERIE B | skupina I. B &#8211; kolo 26.<\/p>\n\n\n\n<!--more-->\n\n\n\n<p><strong>Branky:<\/strong> 13.(p) a 42. R\u00e1b, 49. Rejent, 51. a 59. V\u00e1n\u011b<\/p>\n\n\n\n<p><strong>Sestava Libchav:<\/strong><\/p>\n\n\n\n<p>Tom\u00e1\u0161 Kollert (B)<\/p>\n\n\n\n<p>H\u00e1jek \u2013 David \u2013 Bla\u017eek (83. Horn\u00ed\u010dek) &nbsp;\u2013 Musil<\/p>\n\n\n\n<p>Rejent (63. Hrabovsk\u00fd) \u2013 \u0160alda \u2013 R\u00e1b (88. Pinkava) \u2013 Pavl\u00e1k\n(60. \u0160rom)<\/p>\n\n\n\n<p>Bo\u0161t\u00edk M. (77. Martinec) \u2013 V\u00e1n\u011b<\/p>\n\n\n\n<p>V\u00a0sobotu 15. 6. 2019 v 17 hod. jsme v na\u0161em svatost\u00e1nku p\u0159iv\u00edtali \u201eSampdorii\u201c Janov. Pon\u011bkud botanick\u00e9 po\u010das\u00ed s\u00a0vlhkost\u00ed vzduchu p\u0159esahuj\u00edc\u00ed pr\u016fm\u011br hlub\u0161\u00edho de\u0161tn\u00e9ho pralesa o rozloze 10 palm \u010dtvere\u010dn\u00edch, slibovalo nev\u00eddanou pod\u00edvanou v\u00a0podob\u011b monzunov\u00fdch de\u0161\u0165\u016f a souboje mra\u010den. Zprvu se opravdu zd\u00e1lo, \u017ee nam\u00edsto grilovan\u00e9ho \u010dun\u00edka k\u00a0ukon\u010den\u00ed sez\u00f3ny, se budeme muset spokojit pouze s kroupovou pol\u00e9vkou. Traka\u0159e vyst\u0159\u00eddal fotbal a na dom\u00e1c\u00edch bylo vid\u011bt, \u017ee si posledn\u00ed z\u00e1pas p\u0159i\u0161li u\u017e\u00edt. V\u00a0brance dostal p\u0159\u00edle\u017eitost nest\u00e1rnouc\u00ed radi\u00e1tor, gladi\u00e1tor a tren\u00e9r g\u00f3lman\u016f Tom\u00e1\u0161 \u201eColli\u201c Kollert a host\u00e9 mu nic nedarovali. Docela si zachytal a po z\u00e1pase byl spat\u0159en s\u00a0krabic\u00ed konopn\u00fdch mas\u00e1\u017en\u00edch mast\u00ed Thermolka. Lavi\u010dka dom\u00e1c\u00edch p\u016fsobila veseleji ne\u017e-li v\u00a0p\u0159edchoz\u00edm z\u00e1pase v\u00a0Seman\u00edn\u011b. M\u011bli jsme 5 n\u00e1hradn\u00edk\u016f + brank\u00e1\u0159 Pel\u00e9, kter\u00fd se nepo\u010d\u00edt\u00e1! Z\u00e1zra\u010dn\u011b se uzdravil tak\u00e9 Petr Pavl\u00e1k, kter\u00fd 2 dny p\u0159ed z\u00e1pasem objevil kouzeln\u00fd ayurv\u00e9dsk\u00fd olej ze Sr\u00ed Lanky, kter\u00fd mu v\u00a0m\u017eiku vyl\u00e9\u010dil zran\u011bn\u00fd stehenn\u00ed p\u0159itahova\u010d. \u0160koda jen, \u017ee v\u00a0bl\u00edzkosti nebyla TV Nova, mohla z\u00a0toho b\u00fdt p\u011bkn\u00e1 report\u00e1\u017e, a dle pr\u016fb\u011bhu z\u00e1pasu mohli m\u00edt tak\u00e9 materi\u00e1lu na n\u011bkolik rubrik \u201eborec na konec\u201c. <\/p>\n\n\n\n<p>Z\u00e1pas za\u010dal ve svi\u017en\u00e9m tempu, kdy se oba t\u00fdmy moc nezab\u00fdvali obrannou \u010dinnost\u00ed. Bal\u00f3n l\u00edtal z\u00a0kopa\u010dky na kopa\u010dku, ob\u010das trefil hlavu nebo zahradu starostky. Prvn\u00edm v\u00e1\u017en\u011bj\u0161\u00edm ohro\u017een\u00edm byl \u0161tiplav\u00fd telegram zpoza v\u00e1pna od R\u00ed\u0161i R\u00e1ba, kter\u00fd po\u0159\u00e1dn\u011b vystra\u0161il brank\u00e1\u0159e Ber\u00e1nka. Ve\u00a013 min. p\u0159i\u0161el kr\u00e1sn\u00fd bal\u00f3n z vlastn\u00ed poloviny od Jardy &#8220;Xi-Xao&#8221; Bla\u017eka, p\u0159esn\u011b mezi obr\u00e1nce na Petra Pavl\u00e1ka, obdobn\u00fd jako p\u0159ed t\u00fddnem v\u00a0Seman\u00edn\u011b, jen s\u00a0rozd\u00edln\u00fdm zakon\u010den\u00edm. M\u00edsto st\u0159ely si vybral blaf\u00e1k, av\u0161ak zakon\u010dit do pr\u00e1zdn\u00e9 br\u00e1ny ji\u017e nestihl, proto\u017ee byl faulov\u00e1n hostuj\u00edc\u00edm brank\u00e1\u0159em, tak\u017ee n\u00e1sledovala penalta. K\u00a0t\u00e9 se bez rozmyslu p\u0159iplaho\u010dil R\u00ed\u0161a R\u00e1b a suver\u00e9nn\u011b poslal m\u00ed\u010d do proti pohybu &#8211; 1:0. Dal\u0161\u00ed g\u00f3l na sebe nenechal dlouho \u010dekat. Dali ho v\u0161ak host\u00e9 z\u00a0Janova. Knap zahr\u00e1val rohov\u00fd kop, o\u0161\u00e1lil v\u0161echny a mo\u017en\u00e1 i sebe, ale bal\u00f3n prolet\u011bl jako kulov\u00fd blesk mal\u00fdm v\u00e1pnem, stoper Jarda David ho jen lehce zbrzdil, aby to janovsk\u00fd hr\u00e1\u010d Va\u0161inka n\u00e1hodou nep\u0159ekopl, ale ten samoz\u0159ejm\u011b snadno zasunul na zadn\u00ed ty\u010di do pr\u00e1zdn\u00e9 br\u00e1ny 1:1. Dv\u011b poveden\u00e9 st\u0159ely m\u011bl je\u0161t\u011b Pavl\u00e1k, kter\u00fd nejprve prava\u010dkou nezu\u017eitkoval milimetrov\u00fd centr Pavla Rejenta a z\u00a0voleje t\u011bsn\u011b minul, aby n\u00e1sledn\u011b leva\u010dkou rafinovan\u011b obst\u0159eloval hradbu t\u011bl, av\u0161ak brank\u00e1\u0159 Ber\u00e1nek se zahanbit nenechal. U st\u0159ely R\u00e1ba m\u011bl v\u0161ak hostuj\u00edc\u00ed brank\u00e1\u0159 kliku, jeliko\u017e poveden\u00fd pokus zabrnkal jen o ty\u010dku. Zm\u011bna sk\u00f3re tak p\u0159i\u0161la a\u017e ve 42 min. a byla u toho dvojice Pavl\u00e1k-R\u00e1b. R\u00ed\u0161a posunul ve spr\u00e1vn\u00fd okam\u017eik star\u0161\u00edmu, hez\u010d\u00edmu a zku\u0161en\u011bj\u0161\u00edmu Pavl\u00e1kovi, kter\u00fd pajdav\u011b pel\u00e1\u0161il s\u00e1m z\u00a0lev\u00e9 strany, aby m\u00ed\u010d n\u00e1sledn\u011b vr\u00e1til na R\u00e1ba pod sebe a ten uklidil m\u00ed\u010d tam, kde mu je nejl\u00edp &#8211; do s\u00edt\u011b. Op\u011bt tedy vypuklo v\u00a0dom\u00e1c\u00edm t\u00e1bo\u0159e nad\u0161en\u00ed z\u00a0veden\u00ed &#8211; 2:1, av\u0161ak hostuj\u00edc\u00edm fanou\u0161k\u016fm, kte\u0159\u00ed byli rozeseti v\u0161ude tam, kam b\u011b\u017en\u00fd fanou\u0161ek nechod\u00ed, to moc po v\u016fli nebylo. Co na plat, toto bylo pr\u00e1voplatn\u00e9 polo\u010dasov\u00e9 resum\u00e9. <\/p>\n\n\n\n<p>Do druh\u00e9ho polo\u010dasu jsme vl\u00e9tli nabuzeni s\u00a0jasn\u00fdm c\u00edlem, ud\u011blat si kr\u00e1snou sobotu a zakon\u010dit sez\u00f3nu v\u00fdhrou. Host\u00e9 se do \u0161anc\u00ed dost\u00e1vali z\u0159\u00eddka, ale kdy\u017e zahrozili, tak p\u0159ev\u00e1\u017en\u011b st\u0159elou z\u00a0hranice v\u00e1pna. V\u0161e v\u0161ak pochytal n\u00e1\u0161 letec v br\u00e1n\u011b \u201e\u0160onka Colli\u201c kter\u00fd likvidoval i to, co se likvidovat nemuselo. Ve 49 min. p\u0159i\u0161la kr\u00e1sn\u00e1 akce, kdy R\u00ed\u0161a R\u00e1b vyslal p\u0159esn\u00fdm pasem do prav\u00e9 lajny Pavla Rejenta a donutil ho trochu prot\u00e1hnout krok. Ten v\u0161ak den p\u0159ed z\u00e1pasem spal v\u00a0kopa\u010dk\u00e1ch a p\u0159ikryt\u00fd plak\u00e1tem barcelonsk\u00e9 legendy Johanem Cruyffem, tak\u017ee si po\u010d\u00ednal maz\u00e1cky a pravou \u201e\u0161ajtl\u00ed\u201c t\u011bsn\u011b p\u0159ed g\u00f3lmanem (mo\u017en\u00e1 i trochu bodlem) zakroutil m\u00ed\u010d k\u00a0lev\u00e9 ty\u010di &#8211; 3:1. Prakticky ihned na to v\u00a051 min. jsme soupe\u0159e po\u010dastovali dal\u0161\u00edm z\u00e1\u0159ezem, kdy\u017e u toho byl op\u011bt R\u00ed\u0161a R\u00e1b, kter\u00fd uvolnil do lev\u00e9ho k\u0159\u00eddla Luk\u00e1\u0161e V\u00e1n\u011bho, jen\u017e si oproti z\u00e1pase v\u00a0Seman\u00edne, kde 2x p\u0159est\u0159elil pr\u00e1zdnou br\u00e1nu, vzal rad\u011bji 20 kg holenn\u00ed chr\u00e1ni\u010de, aby nem\u011bl takov\u00fd dynamit v\u00a0noh\u00e1ch a hned to bylo zn\u00e1t. Prudkou r\u00e1nou po zemi na p\u0159edn\u00ed ty\u010d op\u011bt rozveselil dom\u00e1c\u00ed p\u0159\u00edznivce a bylo to ji\u017e 4:1. Ihned v\u00a053 min. p\u0159i\u0161la chvilka dom\u00e1c\u00ed nepozornosti, kdy janovsk\u00fd st\u0159elec Boh\u00e1\u010dek zakon\u010dil povedenou akci a sn\u00ed\u017eil na 4:2. <\/p>\n\n\n\n<p><strong>Libchavsk\u00e1 u\u010debnice Pavla Rejenta<\/strong><\/p>\n\n\n\n<ul class=\"wp-block-gallery columns-3 is-cropped\"><li class=\"blocks-gallery-item\"><figure><img loading=\"lazy\" width=\"960\" height=\"960\" src=\"http:\/\/www.folibchavy.cz\/_www_\/wordpress\/wp-content\/uploads\/2019\/06\/rejes1.jpg\" alt=\"\" data-id=\"3522\" data-link=\"http:\/\/www.folibchavy.cz\/_www_\/wordpress\/lazio-libchavy-sampdoria-janov-53-21\/rejes1\/\" class=\"wp-image-3522\" srcset=\"http:\/\/www.folibchavy.cz\/_www_\/wordpress\/wp-content\/uploads\/2019\/06\/rejes1.jpg 960w, http:\/\/www.folibchavy.cz\/_www_\/wordpress\/wp-content\/uploads\/2019\/06\/rejes1-150x150.jpg 150w, http:\/\/www.folibchavy.cz\/_www_\/wordpress\/wp-content\/uploads\/2019\/06\/rejes1-300x300.jpg 300w, http:\/\/www.folibchavy.cz\/_www_\/wordpress\/wp-content\/uploads\/2019\/06\/rejes1-768x768.jpg 768w, http:\/\/www.folibchavy.cz\/_www_\/wordpress\/wp-content\/uploads\/2019\/06\/rejes1-128x128.jpg 128w, http:\/\/www.folibchavy.cz\/_www_\/wordpress\/wp-content\/uploads\/2019\/06\/rejes1-32x32.jpg 32w\" sizes=\"(max-width: 960px) 100vw, 960px\" \/><\/figure><\/li><li class=\"blocks-gallery-item\"><figure><img loading=\"lazy\" width=\"960\" height=\"960\" src=\"http:\/\/www.folibchavy.cz\/_www_\/wordpress\/wp-content\/uploads\/2019\/06\/rejes-2.jpg\" alt=\"\" data-id=\"3523\" data-link=\"http:\/\/www.folibchavy.cz\/_www_\/wordpress\/lazio-libchavy-sampdoria-janov-53-21\/rejes-2\/\" class=\"wp-image-3523\" srcset=\"http:\/\/www.folibchavy.cz\/_www_\/wordpress\/wp-content\/uploads\/2019\/06\/rejes-2.jpg 960w, http:\/\/www.folibchavy.cz\/_www_\/wordpress\/wp-content\/uploads\/2019\/06\/rejes-2-150x150.jpg 150w, http:\/\/www.folibchavy.cz\/_www_\/wordpress\/wp-content\/uploads\/2019\/06\/rejes-2-300x300.jpg 300w, http:\/\/www.folibchavy.cz\/_www_\/wordpress\/wp-content\/uploads\/2019\/06\/rejes-2-768x768.jpg 768w, http:\/\/www.folibchavy.cz\/_www_\/wordpress\/wp-content\/uploads\/2019\/06\/rejes-2-128x128.jpg 128w, http:\/\/www.folibchavy.cz\/_www_\/wordpress\/wp-content\/uploads\/2019\/06\/rejes-2-32x32.jpg 32w\" sizes=\"(max-width: 960px) 100vw, 960px\" \/><\/figure><\/li><li class=\"blocks-gallery-item\"><figure><img loading=\"lazy\" width=\"960\" height=\"960\" src=\"http:\/\/www.folibchavy.cz\/_www_\/wordpress\/wp-content\/uploads\/2019\/06\/ja-ledvinka-1.jpg\" alt=\"\" data-id=\"3528\" data-link=\"http:\/\/www.folibchavy.cz\/_www_\/wordpress\/lazio-libchavy-sampdoria-janov-53-21\/ja-ledvinka-1\/\" class=\"wp-image-3528\" srcset=\"http:\/\/www.folibchavy.cz\/_www_\/wordpress\/wp-content\/uploads\/2019\/06\/ja-ledvinka-1.jpg 960w, http:\/\/www.folibchavy.cz\/_www_\/wordpress\/wp-content\/uploads\/2019\/06\/ja-ledvinka-1-150x150.jpg 150w, http:\/\/www.folibchavy.cz\/_www_\/wordpress\/wp-content\/uploads\/2019\/06\/ja-ledvinka-1-300x300.jpg 300w, http:\/\/www.folibchavy.cz\/_www_\/wordpress\/wp-content\/uploads\/2019\/06\/ja-ledvinka-1-768x768.jpg 768w, http:\/\/www.folibchavy.cz\/_www_\/wordpress\/wp-content\/uploads\/2019\/06\/ja-ledvinka-1-128x128.jpg 128w, http:\/\/www.folibchavy.cz\/_www_\/wordpress\/wp-content\/uploads\/2019\/06\/ja-ledvinka-1-32x32.jpg 32w\" sizes=\"(max-width: 960px) 100vw, 960px\" \/><\/figure><\/li><li class=\"blocks-gallery-item\"><figure><img loading=\"lazy\" width=\"960\" height=\"960\" src=\"http:\/\/www.folibchavy.cz\/_www_\/wordpress\/wp-content\/uploads\/2019\/06\/rejes-bodlo-2.jpg\" alt=\"\" data-id=\"3532\" data-link=\"http:\/\/www.folibchavy.cz\/_www_\/wordpress\/lazio-libchavy-sampdoria-janov-53-21\/rejes-bodlo-2\/\" class=\"wp-image-3532\" srcset=\"http:\/\/www.folibchavy.cz\/_www_\/wordpress\/wp-content\/uploads\/2019\/06\/rejes-bodlo-2.jpg 960w, http:\/\/www.folibchavy.cz\/_www_\/wordpress\/wp-content\/uploads\/2019\/06\/rejes-bodlo-2-150x150.jpg 150w, http:\/\/www.folibchavy.cz\/_www_\/wordpress\/wp-content\/uploads\/2019\/06\/rejes-bodlo-2-300x300.jpg 300w, http:\/\/www.folibchavy.cz\/_www_\/wordpress\/wp-content\/uploads\/2019\/06\/rejes-bodlo-2-768x768.jpg 768w, http:\/\/www.folibchavy.cz\/_www_\/wordpress\/wp-content\/uploads\/2019\/06\/rejes-bodlo-2-128x128.jpg 128w, http:\/\/www.folibchavy.cz\/_www_\/wordpress\/wp-content\/uploads\/2019\/06\/rejes-bodlo-2-32x32.jpg 32w\" sizes=\"(max-width: 960px) 100vw, 960px\" \/><\/figure><\/li><\/ul>\n\n\n\n<p>V\u00a059 min. jsme zase p\u0159it\u00e1hli stavidla, a u\u017e m\u011b to nebav\u00ed ps\u00e1t, ale op\u011bt u toho byl \u201eNikita Kucherov R\u00e1b\u201c, kter\u00fd dostal kr\u00e1sn\u00fd bal\u00f3n od Kuby Musila z\u00a0na\u0161\u00ed poloviny a pel\u00e1\u0161il s\u00e1m do rozhozen\u00e9 obrany. Mohl zkompletovat hattrick, ale to by m\u011bl drah\u00e9, tak\u017ee rad\u011bji p\u0159ihr\u00e1l do pr\u00e1zdn\u00e9 br\u00e1ny Luk\u00e1\u0161i V\u00e1n\u011bmu, pro kter\u00e9ho to v\u016fbec nen\u00ed lehk\u00e1 situace, av\u0161ak stihl zkoordinovat nohy, deaktivovat dynamit a proto vs\u00edtil g\u00f3l \u2013 5:2. R\u00ed\u0161a R\u00e1b si v\u00a0tomto z\u00e1pase p\u0159ipsal 2+3, co\u017e znamen\u00e1, \u017ee m\u011bl zrovna \u0161t\u011bst\u00ed v z\u00e1pase, ale sm\u016flu, \u017ee nehraje hokej, mohl vyhr\u00e1t Art Ross Trophy.  Za zm\u00ednku v\u0161ak stoj\u00ed, \u017ee naopak \u0161t\u011bst\u00ed nem\u011bla mlad\u00e1 pu\u0161ka M\u00ed\u0161a Bo\u0161t\u00edk, kter\u00fd vs\u00edtil 2 kr\u00e1sn\u00e9 g\u00f3ly, ale ani jeden mu nebyl hlavn\u00edm arbitrem uzn\u00e1n. Prvn\u011b d\u00edky sporn\u00e9mu offsidu a druh\u00fd kv\u016fli \u00fadajn\u00e9mu p\u0159edch\u00e1zej\u00edc\u00edmu faulu. Jeho \u010das a platn\u00e9 g\u00f3ly v\u0161ak p\u0159ijdou. <\/p>\n\n\n\n<p>Posledn\u00ed g\u00f3l leto\u0161n\u00ed sez\u00f3ny si vyst\u0159elil hostuj\u00edc\u00ed Kub\u00ed\u010dek, kter\u00fd si nasko\u010dil nej\u0161ikovn\u011bji na rohov\u00fd kop a prudkou i p\u0159esnou hlavou uzav\u0159el brankov\u00e9 hody. Ty cht\u011bl v\u0161ak je\u0161t\u011b roz\u0161\u00ed\u0159it st\u0159\u00eddaj\u00edc\u00ed brank\u00e1\u0159 na hrotu \u00fatoku Martin Pinkava, kter\u00fd dostal ide\u00e1ln\u00ed bal\u00f3n na kan\u00f3n. Bal\u00f3n \u0161el vysoko nad, do oblak, tak\u017ee v\u0161ichni na stadionu sledovali chvilkov\u00e9 zatm\u011bn\u00ed slunce a n\u00e1sledn\u011b museli b\u00fdt zavol\u00e1n\u00ed cvi\u010den\u00ed hledac\u00ed psi. To u\u017e v\u0161ak byla jen t\u0159e\u0161ni\u010dka posledn\u00edho z\u00e1pasu sez\u00f3ny.<\/p>\n\n\n\n<p>M\u011bli jsme 3 body a mohli si v\u00a0klidu oddechnout, \u017ee nevyda\u0159en\u00e1 sez\u00f3na je pro n\u00e1s ji\u017e minulost\u00ed. Janov ode\u0161el po state\u010dn\u00e9 bitv\u011b pora\u017een a bohu\u017eel se s I. B t\u0159\u00eddou po roce lou\u010d\u00ed. My jsme v\u00a0sez\u00f3n\u011b 2018\/2019 obsadili &#8220;kr\u00e1sn\u00e9&#8221; 10. m\u00edsto. P\u0159edvedli jsme poveden\u00e9 v\u00fdkony, rozdali jsme n\u011bkolik obl\u00edben\u00fdch b\u016fr, jeden debakl 12:1, vst\u0159elili 75 g\u00f3l\u016f, co\u017e byl 2 nejlep\u0161\u00ed po\u010din, hned za Jiskrou Kr\u00e1l\u00edky, kter\u00e1 dala 76 g\u00f3l\u016f. P\u0159edvedli jsme ale nespo\u010detn\u011bkr\u00e1t ostudn\u00fd v\u00fdkon, za kter\u00fd by se styd\u011bl i Rocco Siffredi v\u00a0nejlep\u0161\u00edch letech. Takov\u00fd je fotbal. Pivo tak\u00e9 nem\u00e1 st\u00e1le p\u011bnu. M\u00e1me na \u010dem pracovat a rozhodn\u011b chceme b\u00fdt p\u0159\u00ed\u0161t\u00ed sez\u00f3nu minim\u00e1ln\u011b na bedn\u011b!<\/p>\n","protected":false},"excerpt":{"rendered":"<p>SERIE B | skupina I. B &#8211; kolo 26.<\/p>\n","protected":false},"author":88,"featured_media":0,"comment_status":"closed","ping_status":"closed","sticky":false,"template":"","format":"standard","meta":[],"categories":[8],"tags":[27],"_links":{"self":[{"href":"http:\/\/www.folibchavy.cz\/_www_\/wordpress\/wp-json\/wp\/v2\/posts\/3512"}],"collection":[{"href":"http:\/\/www.folibchavy.cz\/_www_\/wordpress\/wp-json\/wp\/v2\/posts"}],"about":[{"href":"http:\/\/www.folibchavy.cz\/_www_\/wordpress\/wp-json\/wp\/v2\/types\/post"}],"author":[{"embeddable":true,"href":"http:\/\/www.folibchavy.cz\/_www_\/wordpress\/wp-json\/wp\/v2\/users\/88"}],"replies":[{"embeddable":true,"href":"http:\/\/www.folibchavy.cz\/_www_\/wordpress\/wp-json\/wp\/v2\/comments?post=3512"}],"version-history":[{"count":17,"href":"http:\/\/www.folibchavy.cz\/_www_\/wordpress\/wp-json\/wp\/v2\/posts\/3512\/revisions"}],"predecessor-version":[{"id":3539,"href":"http:\/\/www.folibchavy.cz\/_www_\/wordpress\/wp-json\/wp\/v2\/posts\/3512\/revisions\/3539"}],"wp:attachment":[{"href":"http:\/\/www.folibchavy.cz\/_www_\/wordpress\/wp-json\/wp\/v2\/media?parent=3512"}],"wp:term":[{"taxonomy":"category","embeddable":true,"href":"http:\/\/www.folibchavy.cz\/_www_\/wordpress\/wp-json\/wp\/v2\/categories?post=3512"},{"taxonomy":"post_tag","embeddable":true,"href":"http:\/\/www.folibchavy.cz\/_www_\/wordpress\/wp-json\/wp\/v2\/tags?post=3512"}],"curies":[{"name":"wp","href":"https:\/\/api.w.org\/{rel}","templated":true}]}}