{"id":2410,"date":"2018-03-12T12:38:26","date_gmt":"2018-03-12T11:38:26","guid":{"rendered":"http:\/\/www.folibchavy.cz\/_www_\/wordpress\/?p=2410"},"modified":"2018-03-12T12:38:26","modified_gmt":"2018-03-12T11:38:26","slug":"mladsi-pripravka-r-2009-hermanuv-mestec","status":"publish","type":"post","link":"http:\/\/www.folibchavy.cz\/_www_\/wordpress\/mladsi-pripravka-r-2009-hermanuv-mestec\/","title":{"rendered":"MLAD\u0160\u00cd P\u0158\u00cdPRAVKA r.2009 &#8211; He\u0159man\u016fv M\u011bstec"},"content":{"rendered":"<p><!--more--><\/p>\n<p>Sv\u016fj posledn\u00ed halov\u00fd turnaj sehr\u00e1la v ned\u011bli mlad\u0161\u00ed p\u0159\u00edpravka v He\u0159manov\u011b M\u011bstci za \u00fa\u010dasti 10 t\u00fdm\u016f, kter\u00e9 byly rozd\u011bleny do dvou skupin. V na\u0161\u00ed skupin\u011b jsme nejprve porazili 3 : 0 Havl\u010dk\u016fv Brod\u00a0 (\u010dern\u00ed), 4 : 1 T\u0159eb\u00ed\u010d, d\u00e1le TJ P\u00e1tek 4 : 1, a v posledn\u00edm utk\u00e1n\u00ed ve skupin\u011b i Sl\u00e1vii Hradec Kr\u00e1lov\u00e9 stejn\u00fdm pom\u011brem. V semifin\u00e1le jsme narazili na Slovan Havl\u00ed\u010dk\u016fv Brod (b\u00edl\u00ed) a tady jsme tvrd\u011b narazili, proto\u017ee tento t\u00fdm n\u00e1m p\u0159edvedl fotbal na kter\u00fd byla radost se d\u00edvat, hlavn\u011b kolektivn\u00ed pojet\u00ed, p\u0159\u00edhr\u00e1vky p\u0159es celou \u0161\u00ed\u0159ku h\u0159i\u0161t\u011b, po kli\u010dce p\u0159ihr\u00e1vka a n\u00e1sledn\u011b n\u00e1b\u011bh do voln\u00e9ho prostoru, hr\u00e1\u010d s\u00e1m p\u0159ed brank\u00e1\u0159em p\u0159\u00edhr\u00e1val je\u0161t\u011b l\u00e9pe postaven\u00e9mu spoluhr\u00e1\u010di a g\u00f3ly do na\u0161\u00ed s\u00edt\u011b jen padaly. Toho bychom r\u00e1di dos\u00e1hli i my, ale chyb\u00ed n\u00e1m hodn\u011b. Hrajeme p\u0159\u00edli\u0161 individu\u00e1ln\u011b s minimem p\u0159ihr\u00e1vek i n\u00e1b\u011bh\u016f do voln\u00e9ho prostoru. Kluci si mus\u00ed uv\u011bdomit, \u017ee hraje t\u00fdm a nen\u00ed podstatn\u00e9 kdo d\u00e1 kolik branek, ale tak\u00e9 kdo komu na branku p\u0159ihraje. V z\u00e1v\u011bre\u010dn\u00e9m z\u00e1pase o 3. m\u00edsto jsme porazili kluky z T\u0159eb\u00ed\u010de 4 : 0. T\u0159et\u00ed m\u00edsto je \u00fasp\u011bch, ale i pou\u010den\u00ed.<\/p>\n<p>V z\u00e1pasech se vyst\u0159\u00eddali: Kub\u00edk, Tom\u00e1\u0161, Jolanka, Dominik, Simon, Patrik, Milda a Luk\u00e1\u0161, g\u00f3ly: V\u00eddensk\u00fd 12, Vizv\u00e1ri 3, Ol\u00e1h, Pirkl a Du\u0161ek po jedn\u00e9. Dresy perou u Du\u0161k\u016f.<\/p>\n<p>D\u011bkujeme rodi\u010d\u016fm za dopravu d\u011bt\u00ed do vzd\u00e1len\u00e9ho He\u0159manova M\u011bstce<\/p>\n","protected":false},"excerpt":{"rendered":"","protected":false},"author":33,"featured_media":0,"comment_status":"closed","ping_status":"closed","sticky":false,"template":"","format":"standard","meta":[],"categories":[1],"tags":[],"_links":{"self":[{"href":"http:\/\/www.folibchavy.cz\/_www_\/wordpress\/wp-json\/wp\/v2\/posts\/2410"}],"collection":[{"href":"http:\/\/www.folibchavy.cz\/_www_\/wordpress\/wp-json\/wp\/v2\/posts"}],"about":[{"href":"http:\/\/www.folibchavy.cz\/_www_\/wordpress\/wp-json\/wp\/v2\/types\/post"}],"author":[{"embeddable":true,"href":"http:\/\/www.folibchavy.cz\/_www_\/wordpress\/wp-json\/wp\/v2\/users\/33"}],"replies":[{"embeddable":true,"href":"http:\/\/www.folibchavy.cz\/_www_\/wordpress\/wp-json\/wp\/v2\/comments?post=2410"}],"version-history":[{"count":1,"href":"http:\/\/www.folibchavy.cz\/_www_\/wordpress\/wp-json\/wp\/v2\/posts\/2410\/revisions"}],"predecessor-version":[{"id":2411,"href":"http:\/\/www.folibchavy.cz\/_www_\/wordpress\/wp-json\/wp\/v2\/posts\/2410\/revisions\/2411"}],"wp:attachment":[{"href":"http:\/\/www.folibchavy.cz\/_www_\/wordpress\/wp-json\/wp\/v2\/media?parent=2410"}],"wp:term":[{"taxonomy":"category","embeddable":true,"href":"http:\/\/www.folibchavy.cz\/_www_\/wordpress\/wp-json\/wp\/v2\/categories?post=2410"},{"taxonomy":"post_tag","embeddable":true,"href":"http:\/\/www.folibchavy.cz\/_www_\/wordpress\/wp-json\/wp\/v2\/tags?post=2410"}],"curies":[{"name":"wp","href":"https:\/\/api.w.org\/{rel}","templated":true}]}}