{"id":2408,"date":"2018-03-09T06:48:41","date_gmt":"2018-03-09T05:48:41","guid":{"rendered":"http:\/\/www.folibchavy.cz\/_www_\/wordpress\/?p=2408"},"modified":"2018-03-09T06:48:41","modified_gmt":"2018-03-09T05:48:41","slug":"vyrocni-schuze-tj-sokol-libchavy-oceneni-tymu-mladsi-pripravky-2010-a-hvezdy-roku-2017","status":"publish","type":"post","link":"http:\/\/www.folibchavy.cz\/_www_\/wordpress\/vyrocni-schuze-tj-sokol-libchavy-oceneni-tymu-mladsi-pripravky-2010-a-hvezdy-roku-2017\/","title":{"rendered":"V\u00fdro\u010dn\u00ed sch\u016fze TJ  Sokol Libchavy \u2013 ocen\u011bn\u00ed t\u00fdmu mlad\u0161\u00ed p\u0159\u00edpravky 2010 \u201eA\u201c \u2013 HV\u011aZDY ROKU 2017"},"content":{"rendered":"<p><!--more--><\/p>\n<p>Zat\u00edm pouze 8 lid\u00ed obdr\u017eelo so\u0161ku \u201eHv\u011bzda roku TJ Sokol Libchavy\u201c. Leto\u0161n\u00ed slavnostn\u00ed vyhl\u00e1\u0161en\u00ed bylo v\u00fdjime\u010dn\u00e9 v\u00a0tom, \u017ee cenu neobdr\u017eel jedinec, ale <strong>cel\u00e9 mu\u017estvo. <\/strong><\/p>\n<p>Je to mu\u017estvo, kter\u00e9 dos\u00e1hlo v\u00fdsledk\u016f v\u00a0minul\u00e9m roce takov\u00fdch, \u017ee proslavilo obec Libchavy t\u00e9m\u011b\u0159 po cel\u00e9 republice. V\u0161echny velk\u00e9 a zn\u00e1m\u00e9 fotbalov\u00e9 t\u00fdmy ji\u017e v\u011bd\u00ed, kde Libchavy jsou. A je to hodn\u011b z\u00e1sluha pr\u00e1v\u011b mal\u00fdch hr\u00e1\u010d\u016f <strong>mlad\u0161\u00ed p\u0159\u00edpravky ro\u010dn\u00edku 2010 \u201eA\u201c<\/strong>, kter\u00fdm se vloni poda\u0159ilo t\u00e9m\u011b\u0159 v\u0161e, na co si jen pomysleli\u2026. \ud83d\ude42<\/p>\n<p>D\u00edky tvrd\u00e9mu tr\u00e9ninku, discipl\u00edn\u011b a ob\u011btavosti tren\u00e9r\u016f a rodi\u010d\u016f tento t\u00fdm v\u00a0lo\u0148sk\u00e9m roce objel velk\u00e9 mno\u017estv\u00ed men\u0161\u00edch i velk\u00fdch turnaj\u016f s\u00a0celorepublikov\u00fdm obsazen\u00edm, kdy se t\u0159e\u0161ni\u010dkou na dortu stalo kv\u011btnov\u00e9 <strong>v\u00edt\u011bzstv\u00ed v\u00a0Jablonci nad Nisou<\/strong> a na podzim si tito borci vybojovali \u00fa\u010dast ve <strong>fin\u00e1lov\u00e9m turnaji Ondr\u00e1\u0161ovka Cupu<\/strong> pro kategorii U8, kter\u00e1 je \u010dek\u00e1 letos v\u00a0\u010dervnu.<\/p>\n<p>Ale zp\u011bt k\u00a0ocen\u011bn\u00ed, kter\u00e9ho se jim dostalo. Vyhla\u0161ov\u00e1n\u00ed prob\u011bhlo v\u00a0r\u00e1mci v\u00fdro\u010dn\u00ed sch\u016fze TJ Sokolu Libchavy, kter\u00e9 uvedl jeho p\u0159edseda, Pepa Musil. Cel\u00fd slavnostn\u00ed akt byl velmi p\u0159\u00edjemn\u00fd pro v\u0161echny ocen\u011bn\u00e9 d\u011bti. Hlavn\u00ed tren\u00e9r mu\u017estva, Roman \u017d\u010f\u00e1rsk\u00fd, byl po kr\u00e1tk\u00e9m proslovu vyzv\u00e1n k\u00a0p\u0159edstaven\u00ed \u201esv\u00e9ho\u201c mu\u017estva, kdy uvedl ka\u017ed\u00e9ho hr\u00e1\u010de jednotliv\u011b a \u0159ekl jeho sportovn\u00ed roli v\u00a0t\u00fdmu. Z\u00fa\u010dastnili se v\u0161ichni hlavn\u00ed akt\u00e9\u0159i lo\u0148sk\u00e9ho \u00fasp\u011bchu, druh\u00fd tren\u00e9r Petr P\u00e1vek st. a hr\u00e1\u010di \u2013 Mark\u00e9tka Karbulkov\u00e1, Petr P\u00e1vek, David \u017d\u010f\u00e1rsk\u00fd, Kuba Kr\u010d\u00e1l, Mat\u011bj Schauer, Matou\u0161 Mucha, Jon\u00e1\u0161 Fajfr a Daniel Pra\u017e\u00e1k. Cel\u00fd t\u00fdm obdr\u017eel so\u0161ku a v\u0161ichni tak\u00e9 sladkou odm\u011bnu z\u00a0rukou starostky obce Jany Hodovalov\u00e9, pod\u011bkov\u00e1n\u00ed se jim dostalo tak\u00e9 od \u0159editelky \u0161koly, pan\u00ed Marie Linhartov\u00e9 a p\u0159idali se i v\u0161ichni p\u0159\u00edtomn\u00ed \u010dlenov\u00e9, kte\u0159\u00ed d\u011bti odm\u011bnili n\u011bkolikr\u00e1t zaslou\u017een\u00fdm potleskem. TJ Sokol Libchavy byl ji\u017e po\u0161est\u00e9 vyhl\u00e1\u0161en nejlep\u0161\u00edm vesnick\u00fdm sportovn\u00edm odd\u00edlem v\u00a0r\u00e1mci okresu, a tito mal\u00ed hr\u00e1\u010di k\u00a0tomu tak\u00e9 p\u0159isp\u011bli svoji m\u011brou.<\/p>\n<p>My, rodi\u010de, d\u011bkujeme sv\u00fdm d\u011btem za jejich hou\u017eevnatost a v\u00fddr\u017e, tren\u00e9r\u016fm za jejich veden\u00ed a p\u0159\u00edpravu, odd\u00edlu za z\u00e1zem\u00ed a pan\u00ed starostce i veden\u00ed \u0161koly za podporu, kter\u00e9 se na\u0161im d\u011btem dost\u00e1v\u00e1.<\/p>\n<p>P\u0159ejeme jim i v\u00a0leto\u0161n\u00edm roce mnoho \u00fasp\u011bch\u016f, a\u0165 jsou hlavn\u011b zdrav\u00ed a budeme jim dr\u017eet p\u011bsti p\u0159edev\u0161\u00edm o v\u00edkendu 9. &#8211; 10. \u010dervna, kdy budou bojovat v\u00a0P\u0159\u00edbrami o co nejlep\u0161\u00ed um\u00edst\u011bn\u00ed na Ondr\u00e1\u0161ovce.<\/p>\n<p>Zapsali: Ale\u0161 a Zita Kr\u010d\u00e1lovi<\/p>\n<p>Fotky z\u00a0p\u0159ed\u00e1n\u00ed ocen\u011bn\u00ed si m\u016f\u017eete prohl\u00e9dnout <a href=\"http:\/\/libchavy.rajce.idnes.cz\/Vyrocni_schuze_-_25.2.2018\/\">ZDE<\/a>.<\/p>\n","protected":false},"excerpt":{"rendered":"","protected":false},"author":39,"featured_media":0,"comment_status":"closed","ping_status":"closed","sticky":false,"template":"","format":"standard","meta":[],"categories":[23],"tags":[4],"_links":{"self":[{"href":"http:\/\/www.folibchavy.cz\/_www_\/wordpress\/wp-json\/wp\/v2\/posts\/2408"}],"collection":[{"href":"http:\/\/www.folibchavy.cz\/_www_\/wordpress\/wp-json\/wp\/v2\/posts"}],"about":[{"href":"http:\/\/www.folibchavy.cz\/_www_\/wordpress\/wp-json\/wp\/v2\/types\/post"}],"author":[{"embeddable":true,"href":"http:\/\/www.folibchavy.cz\/_www_\/wordpress\/wp-json\/wp\/v2\/users\/39"}],"replies":[{"embeddable":true,"href":"http:\/\/www.folibchavy.cz\/_www_\/wordpress\/wp-json\/wp\/v2\/comments?post=2408"}],"version-history":[{"count":1,"href":"http:\/\/www.folibchavy.cz\/_www_\/wordpress\/wp-json\/wp\/v2\/posts\/2408\/revisions"}],"predecessor-version":[{"id":2409,"href":"http:\/\/www.folibchavy.cz\/_www_\/wordpress\/wp-json\/wp\/v2\/posts\/2408\/revisions\/2409"}],"wp:attachment":[{"href":"http:\/\/www.folibchavy.cz\/_www_\/wordpress\/wp-json\/wp\/v2\/media?parent=2408"}],"wp:term":[{"taxonomy":"category","embeddable":true,"href":"http:\/\/www.folibchavy.cz\/_www_\/wordpress\/wp-json\/wp\/v2\/categories?post=2408"},{"taxonomy":"post_tag","embeddable":true,"href":"http:\/\/www.folibchavy.cz\/_www_\/wordpress\/wp-json\/wp\/v2\/tags?post=2408"}],"curies":[{"name":"wp","href":"https:\/\/api.w.org\/{rel}","templated":true}]}}