{"id":2406,"date":"2018-03-09T06:24:49","date_gmt":"2018-03-09T05:24:49","guid":{"rendered":"http:\/\/www.folibchavy.cz\/_www_\/wordpress\/?p=2406"},"modified":"2018-03-09T06:24:49","modified_gmt":"2018-03-09T05:24:49","slug":"domaci-turnaj-pro-mladsi-pripravku-roc-2010-a-mladsi-o-pohar-starostky-obce-3-3-2018-libchavy","status":"publish","type":"post","link":"http:\/\/www.folibchavy.cz\/_www_\/wordpress\/domaci-turnaj-pro-mladsi-pripravku-roc-2010-a-mladsi-o-pohar-starostky-obce-3-3-2018-libchavy\/","title":{"rendered":"Dom\u00e1c\u00ed turnaj pro mlad\u0161\u00ed p\u0159\u00edpravku ro\u010d. 2010 a mlad\u0161\u00ed \u2013 O POH\u00c1R STAROSTKY OBCE &#8211; 3.3.2018 &#8211; Libchavy"},"content":{"rendered":"<p><!--more--><\/p>\n<p>V sobotu jsme v Libchav\u00e1ch na dom\u00e1c\u00ed p\u016fd\u011b odehr\u00e1li u\u017e t\u0159et\u00ed ro\u010dn\u00edk turnaje \u201eO poh\u00e1r starostky obce\u201c. \u00da\u010dast leto\u0161n\u00edho turnaje byla slab\u0161\u00ed z d\u016fvodu nemoc\u00ed hr\u00e1\u010d\u016f ostatn\u00edch t\u00fdm\u016f, kte\u0159\u00ed n\u00e1m v pr\u016fb\u011bhu minul\u00e9ho t\u00fddne od\u0159ekly svoji \u00fa\u010dast. I na\u0161e t\u00fdmy byly pon\u011bkud pro\u0159\u00eddl\u00e9 a dopl\u0148oval se tak stav i d\u011btmi z\u00a0\u201eBamb\u00edn\u201c. Nakonec se se\u0161lo celkem p\u011bt t\u00fdm\u016f, a to kluci ze \u017dichl\u00ednka, Lan\u0161krouna, \u017damberka a dom\u00e1c\u00edch dvou t\u00fdm\u016f Libchav.<\/p>\n<p>Hr\u00e1lo se syst\u00e9mem ka\u017ed\u00fd s\u00a0ka\u017ed\u00fdm a zde jsou v\u00fdsledky jednotliv\u00fdch z\u00e1pas\u016f:<\/p>\n<p>\u017damberk x <strong>Libchavy B<\/strong>\u00a0\u00a0\u00a0\u00a0\u00a0 \u00a0\u00a0\u00a0 2:1<\/p>\n<p>Lan\u0161kroun x \u017dichl\u00ednek\u00a0\u00a0\u00a0\u00a0 \u00a0\u00a0\u00a0\u00a0 4:0<\/p>\n<p><strong>Libchavy A<\/strong> x \u017damberk\u00a0\u00a0\u00a0\u00a0 \u00a0\u00a0\u00a0\u00a0 5:0<\/p>\n<p><strong>Libchavy B<\/strong> x Lan\u0161kroun\u00a0\u00a0 \u00a0\u00a0\u00a0 1:2<\/p>\n<p>\u017dichl\u00ednek x <strong>Libchavy A<\/strong>\u00a0\u00a0\u00a0\u00a0 \u00a0\u00a0 0:8<\/p>\n<p>Lan\u0161kroun x \u017damberk\u00a0\u00a0\u00a0\u00a0\u00a0 \u00a0\u00a0\u00a0\u00a0\u00a0 0:3<\/p>\n<p><strong>Libchavy A<\/strong> x Lan\u0161kroun\u00a0\u00a0 \u00a0\u00a0\u00a0 8:1<\/p>\n<p><strong>Libchavy B<\/strong> x \u017dichl\u00ednek\u00a0\u00a0\u00a0\u00a0\u00a0 \u00a0\u00a0 1:0<\/p>\n<p><strong>Libchavy B x Libchavy A\u00a0\u00a0 \u00a0 0:4<\/strong><\/p>\n<p>\u017dichl\u00ednek x \u017damberk\u00a0\u00a0\u00a0\u00a0\u00a0\u00a0\u00a0\u00a0\u00a0 \u00a0\u00a0 0:0<\/p>\n<p>Kone\u010dn\u00e9 po\u0159ad\u00ed bylo stanoveno dle v\u00fdsledk\u016f v tabulce a byli vyhl\u00e1\u0161eni tak\u00e9 neju\u017eite\u010dn\u011bj\u0161\u00ed hr\u00e1\u010di sv\u00fdch t\u00fdm\u016f.<\/p>\n<p><strong>Po\u0159ad\u00ed:<\/strong><\/p>\n<ol>\n<li><strong> Libchavy A<\/strong>\u00a0 \u00a0 \u00a0 \u00a0 \u00a0 \u00a0 \u00a0 \u00a0 Jon\u00e1\u0161 Fajfr<\/li>\n<li>\u017damberk\u00a0 \u00a0 \u00a0 \u00a0 \u00a0 \u00a0 \u00a0 \u00a0 \u00a0 \u00a0 \u00a0Mat\u011bj Krejsa<\/li>\n<li>Lan\u0161kroun\u00a0 \u00a0 \u00a0 \u00a0 \u00a0 \u00a0 \u00a0 \u00a0 \u00a0 Mat\u011bj Arban<\/li>\n<li><strong> Libchavy B<\/strong>\u00a0 \u00a0 \u00a0 \u00a0 \u00a0 \u00a0 \u00a0 \u00a0Jan Navrkal<\/li>\n<li>\u017dichl\u00ednek\u00a0 \u00a0 \u00a0 \u00a0 \u00a0 \u00a0 \u00a0 \u00a0 \u00a0 \u00a0 Josef Fojt\u00edk<\/li>\n<\/ol>\n<p>&nbsp;<\/p>\n<p>Za t\u00fdm Libchavy \u201eB\u201c nastoupili Jolana P\u00e1vkov\u00e1, Daniel Pra\u017e\u00e1k, Jan Navrkal, Jan Ralik, Jakub Ma\u0159\u00edk, Filip Kalous. St\u0159elec\u00a0branek za t\u00fdm Libchavy B byl pouze jeden a trefil se 3x Jan Navrkal.<\/p>\n<p>Za t\u00fdm Libchavy \u201eA\u201c nastoupili V\u00edtek P\u011bknic z\u00a0t\u00fdmu \u201eBamb\u00edny\u201c (ro\u010d.2012 nejmlad\u0161\u00ed hr\u00e1\u010d turnaje), Petr Nov\u00e1k \u2013 tak\u00e9 posila z \u201eBamb\u00edn\u201c, Jakub \u0160inkovsk\u00fd, Matou\u0161 Mucha, Jon\u00e1\u0161 Fajfr, Mat\u011bj Schauer, David \u017d\u010f\u00e1rsk\u00fd. St\u0159elci za Libchavy \u201eA\u201c &#8211; \u00a09x David \u017d\u010f\u00e1rsk\u00fd, 7x Jon\u00e1\u0161 Fajfr, 6x Matou\u0161 Mucha, 3x Mat\u011bj Schauer.<\/p>\n<p>Nejlep\u0161\u00edm brank\u00e1\u0159em byl vyhl\u00e1\u0161en Franti\u0161ek Vorek ze \u017dichl\u00ednku, <strong>nejlep\u0161\u00edm hr\u00e1\u010dem Mat\u011bj Schauer z Libchav a nejlep\u0161\u00edm st\u0159elcem David \u017d\u010f\u00e1rsk\u00fd z Libchav.<\/strong><\/p>\n<p>Kluci z\u00a0Libchav \u201eA\u201c p\u0159evzali od pan\u00ed starostky putovn\u00ed poh\u00e1r za prvn\u00ed m\u00edsto a mohlo se slavit.<\/p>\n<p>D\u011bkujeme v\u0161em, kdo se pod\u00edlel na p\u0159\u00edprav\u011b a pr\u016fb\u011bhu cel\u00e9ho dne.<\/p>\n<p><strong>Zapsal:<\/strong> tren\u00e9r Roman \u017d\u010f\u00e1rsk\u00fd<\/p>\n<p>Fotky z turnaje si m\u016f\u017eete prohl\u00e9dnout <a href=\"http:\/\/libchavy.rajce.idnes.cz\/Mladsi_pripravka_2010_-_O_POHAR_STAROSTKY_OBCE_3.3.2018_Libchavy\/\">ZDE.<\/a><\/p>\n","protected":false},"excerpt":{"rendered":"","protected":false},"author":39,"featured_media":0,"comment_status":"closed","ping_status":"closed","sticky":false,"template":"","format":"standard","meta":[],"categories":[23],"tags":[4],"_links":{"self":[{"href":"http:\/\/www.folibchavy.cz\/_www_\/wordpress\/wp-json\/wp\/v2\/posts\/2406"}],"collection":[{"href":"http:\/\/www.folibchavy.cz\/_www_\/wordpress\/wp-json\/wp\/v2\/posts"}],"about":[{"href":"http:\/\/www.folibchavy.cz\/_www_\/wordpress\/wp-json\/wp\/v2\/types\/post"}],"author":[{"embeddable":true,"href":"http:\/\/www.folibchavy.cz\/_www_\/wordpress\/wp-json\/wp\/v2\/users\/39"}],"replies":[{"embeddable":true,"href":"http:\/\/www.folibchavy.cz\/_www_\/wordpress\/wp-json\/wp\/v2\/comments?post=2406"}],"version-history":[{"count":1,"href":"http:\/\/www.folibchavy.cz\/_www_\/wordpress\/wp-json\/wp\/v2\/posts\/2406\/revisions"}],"predecessor-version":[{"id":2407,"href":"http:\/\/www.folibchavy.cz\/_www_\/wordpress\/wp-json\/wp\/v2\/posts\/2406\/revisions\/2407"}],"wp:attachment":[{"href":"http:\/\/www.folibchavy.cz\/_www_\/wordpress\/wp-json\/wp\/v2\/media?parent=2406"}],"wp:term":[{"taxonomy":"category","embeddable":true,"href":"http:\/\/www.folibchavy.cz\/_www_\/wordpress\/wp-json\/wp\/v2\/categories?post=2406"},{"taxonomy":"post_tag","embeddable":true,"href":"http:\/\/www.folibchavy.cz\/_www_\/wordpress\/wp-json\/wp\/v2\/tags?post=2406"}],"curies":[{"name":"wp","href":"https:\/\/api.w.org\/{rel}","templated":true}]}}