{"id":2403,"date":"2018-03-06T13:24:40","date_gmt":"2018-03-06T12:24:40","guid":{"rendered":"http:\/\/www.folibchavy.cz\/_www_\/wordpress\/?p=2403"},"modified":"2018-03-06T13:24:40","modified_gmt":"2018-03-06T12:24:40","slug":"mladsi-pripravka-r-2009-rychnov-nk","status":"publish","type":"post","link":"http:\/\/www.folibchavy.cz\/_www_\/wordpress\/mladsi-pripravka-r-2009-rychnov-nk\/","title":{"rendered":"MLAD\u0160\u00cd P\u0158\u00cdPRAVKA r. 2009 &#8211; Rychnov n\/K"},"content":{"rendered":"<p><!--more--><\/p>\n<p>V ned\u011bli 4.3. jsme se z\u00fa\u010dastnili dal\u0161\u00edho zimn\u00edho turnaje v Rychnov\u011b nad Kn\u011b\u017enou, kter\u00e9ho se hr\u00e1l se\u00a0 7 t\u00fdmy syst\u00e9mem ka\u017ed\u00fd s ka\u017ed\u00fdm. Postupn\u011b jsme hr\u00e1li s n\u00e1sleduj\u00edc\u00edmi dru\u017estvy: Kostelec n.O, Rychnov n. K., T\u00fdni\u0161t\u011b n.O., Lan\u0161kroun, Hradec Kr\u00e1lov\u00e9 a Jablonn\u00e9 n. O. Po jedin\u00e9 por\u00e1\u017ece a dvou rem\u00edz\u00e1ch jsme obsadili celkov\u011b 2. m\u00edsto za v\u00edt\u011bzn\u00fdm Hradcem Kr\u00e1lov\u00e9 se kter\u00fdm jsme a\u017e v z\u00e1v\u011bru prohr\u00e1li 2:5. Ve dvou z\u00e1pasech jsme remizovali. Celkov\u011b kluci a d\u00edvka nepodali tak dobr\u00fd v\u00fdkon jako v minul\u00fdch turnaj\u00edch. N\u011bkte\u0159\u00ed hr\u00e1li v\u00edce na sebe ne\u017e pro t\u00fdm. Je t\u0159eba se soust\u0159edit i na dobrou p\u0159ihr\u00e1vku l\u00e9pe postaven\u00e9mu spoluhr\u00e1\u010di ne\u017e un\u00e1hlen\u00e9 a nep\u0159ipraven\u00e9 st\u0159ele.<\/p>\n<p>O branky se rozd\u011blili: Kub\u00edk a Simon po 5, Patrik 4, Jol\u010da 2, Luk\u00e1\u0161 a Jenda po 1.\u00a0 V roli brank\u00e1\u0159e se vyst\u0159\u00eddali Kub\u00edk. Patrik a Luk\u00e1\u0161. Dresy perou u V\u00eddensk\u00fdch, d\u011bkujeme.<\/p>\n<p>V tomto p\u0159\u00edpravn\u00e9m obdob\u00ed jsme sehr\u00e1li ji\u017e 10 halov\u00fdch turnaj\u016f a jeden\u00e1ct\u00fd, posledn\u00ed, n\u00e1s \u010dek\u00e1 v ned\u011bli. Chceme, aby kluci i v zimn\u00edm obdob\u00ed ce nejv\u00edce hr\u00e1li. \u017d\u00e1dn\u00fd tr\u00e9nink jim ned\u00e1 tolik jako z\u00e1pas. Kluci jsou nuceni \u0159e\u0161it hern\u00ed situace p\u0159\u00edmo a rychle v pr\u016fb\u011bhu hry a t\u00edm se nejv\u00edce nau\u010d\u00ed. Kluci za\u010d\u00ednaj\u00ed v\u00edce chodi do souboj\u016f t\u011blem jako jejich soupe\u0159i a p\u0159i z\u00e1pase se sna\u017e\u00ed si m\u00ed\u010d pokr\u00fdt t\u011blem i kdy\u017e se to zat\u00edm \u00fapln\u011b neda\u0159\u00ed. Zhor\u0161ila se n\u00e1m doch\u00e1zka na tr\u00e9ninky a to nejen vzhledem ke ch\u0159ipkov\u00e9 epidemii. Je t\u0159eba, aby rodi\u010de dbali na doch\u00e1zku kluk\u016f na tr\u00e9ninky a p\u0159\u00edpadnou ne\u00fa\u010dast ze z\u00e1va\u017en\u00fdch d\u016fvod\u016f v\u010das omlouvali.<\/p>\n<p>Zapsal Du\u0161ek<\/p>\n<p>.<\/p>\n","protected":false},"excerpt":{"rendered":"","protected":false},"author":33,"featured_media":0,"comment_status":"closed","ping_status":"closed","sticky":false,"template":"","format":"standard","meta":[],"categories":[1],"tags":[],"_links":{"self":[{"href":"http:\/\/www.folibchavy.cz\/_www_\/wordpress\/wp-json\/wp\/v2\/posts\/2403"}],"collection":[{"href":"http:\/\/www.folibchavy.cz\/_www_\/wordpress\/wp-json\/wp\/v2\/posts"}],"about":[{"href":"http:\/\/www.folibchavy.cz\/_www_\/wordpress\/wp-json\/wp\/v2\/types\/post"}],"author":[{"embeddable":true,"href":"http:\/\/www.folibchavy.cz\/_www_\/wordpress\/wp-json\/wp\/v2\/users\/33"}],"replies":[{"embeddable":true,"href":"http:\/\/www.folibchavy.cz\/_www_\/wordpress\/wp-json\/wp\/v2\/comments?post=2403"}],"version-history":[{"count":1,"href":"http:\/\/www.folibchavy.cz\/_www_\/wordpress\/wp-json\/wp\/v2\/posts\/2403\/revisions"}],"predecessor-version":[{"id":2404,"href":"http:\/\/www.folibchavy.cz\/_www_\/wordpress\/wp-json\/wp\/v2\/posts\/2403\/revisions\/2404"}],"wp:attachment":[{"href":"http:\/\/www.folibchavy.cz\/_www_\/wordpress\/wp-json\/wp\/v2\/media?parent=2403"}],"wp:term":[{"taxonomy":"category","embeddable":true,"href":"http:\/\/www.folibchavy.cz\/_www_\/wordpress\/wp-json\/wp\/v2\/categories?post=2403"},{"taxonomy":"post_tag","embeddable":true,"href":"http:\/\/www.folibchavy.cz\/_www_\/wordpress\/wp-json\/wp\/v2\/tags?post=2403"}],"curies":[{"name":"wp","href":"https:\/\/api.w.org\/{rel}","templated":true}]}}