{"id":2373,"date":"2018-02-20T14:48:01","date_gmt":"2018-02-20T13:48:01","guid":{"rendered":"http:\/\/www.folibchavy.cz\/_www_\/wordpress\/?p=2373"},"modified":"2018-02-21T08:57:52","modified_gmt":"2018-02-21T07:57:52","slug":"soustredeni-zaci-horalka-2018","status":"publish","type":"post","link":"http:\/\/www.folibchavy.cz\/_www_\/wordpress\/soustredeni-zaci-horalka-2018\/","title":{"rendered":"Soust\u0159ed\u011bn\u00ed &#8211; \u017e\u00e1ci &#8211; Horalka 2018"},"content":{"rendered":"<p><span style=\"color: #000000;font-family: Calibri\">Na soust\u0159ed\u011bn\u00ed jsme vyrazili ve \u010dtvrtek po ob\u011bd\u011b v\u00a0po\u010dtu 19 d\u011bt\u00ed a 6 dosp\u011bl\u00fdch. Poprv\u00e9 jsme nem\u011bli k\u00a0dispozici autobus, tak jsme si museli poradit s\u00a0osobn\u00edmi vozy. Bob\u0161ovi d\u011bkujeme za poskytnut\u00ed velkokapacitn\u00edho vozu, zaji\u0161t\u011bn\u00ed fotodokumentace a Vincentky.<\/span><!--more--><\/p>\n<p><span style=\"color: #000000;font-family: Calibri\">Prvn\u00ed tr\u00e9ninkov\u00e1 jednotka prob\u011bhla na um\u011blce v\u00a0Dobru\u0161ce, n\u00e1sledovalo ubytov\u00e1n\u00ed na Horalce, ve\u010de\u0159e a tr\u00e9nink v\u00a0t\u011blocvi\u010dn\u011b. V\u00a0p\u00e1tek jsme ji\u017e za\u0159adili rozcvi\u010dku a v\u00fdb\u011bh p\u0159ed sn\u00eddan\u00ed a to v\u00a0\u010derstv\u011b nasn\u011b\u017een\u00e9m pra\u0161\u00e1nku. Tr\u00e9ninky dopoledne i odpoledne se op\u011bt odehr\u00e1ly na um\u011blce v\u00a0Dobru\u0161ce. Ve\u010der n\u00e1sledovala sauna a prota\u017een\u00ed v\u00a0t\u011blocvi\u010dn\u011b.<\/span><\/p>\n<p><span style=\"color: #000000;font-family: Calibri\">V\u00a0sobotu jsme vyrazili na p\u0159\u00edpravn\u00e9 z\u00e1pasy do Nov\u00e9ho M\u011bsta nad Metuj\u00ed. Zde na rozd\u00edl od Dobru\u0161ky spr\u00e1vce tro\u0161ku zaspal a h\u0159i\u0161t\u011b nebylo od sn\u011bhu uklizeno. Kluci si ho museli u\u0161lapat, \u010d\u00edm\u017e op\u011bt tro\u0161ku vylep\u0161ili svoji fyzi\u010dku. Mlad\u0161\u00ed \u017e\u00e1ci odehr\u00e1li rem\u00edzov\u00fd z\u00e1pas 3:3 s\u00a0t\u00edm, \u017ee n\u011bkolik opor bylo po\u0161et\u0159eno pro z\u00e1pas star\u0161\u00edch \u017e\u00e1k\u016f. Ten skon\u010dil jednozna\u010dn\u00fdm v\u00fdsledkem 3:0 v\u00a0n\u00e1\u0161 prosp\u011bch. Dominik udr\u017eel ve sv\u00e9m prvn\u00edm z\u00e1pase ve star\u0161\u00ed kategorii nulu.<\/span><\/p>\n<p><span style=\"color: #000000;font-family: Calibri\">Odpoledne jsme ji\u017e netr\u00e9novali, ale v\u00a0r\u00e1mci odpo\u010dinkov\u00e9 f\u00e1ze vyrazili na cca 6 km t\u00faru k\u00a0bunkru Skutina. N\u00e1sledovalo grilov\u00e1n\u00ed \u0161pek\u00e1\u010dk\u016f, ke\u010dupu jsme pro d\u011bti zajistili zdostatek. N\u00e1sledovala oslava Vendov\u00fdch 15-t\u00fdch narozenin a oblig\u00e1tn\u00ed sauna.<\/span><\/p>\n<p><span style=\"color: #000000;font-family: Calibri\">V\u00a0ned\u011bli dopoledne op\u011bt v\u00a0Dobru\u0161ce na um\u011blce do\u0161lo k\u00a0dlouho o\u010dek\u00e1van\u00e9mu z\u00e1pasu v\u0161ech proti v\u0161em a to v\u010detn\u011b tren\u00e9r\u016f. Na\u0161t\u011bst\u00ed se nikdo z\u00a0tren\u00e9r\u016f nezranil, kluci byli r\u00e1di, \u017ee nemus\u00ed drilovat, ale mohou si u\u017e\u00edt pohodov\u00fd fotb\u00e1lek. <\/span><\/p>\n<p><span style=\"color: #000000;font-family: Calibri\">Soust\u0159ed\u011bn\u00ed jsme si v\u00a0maxim\u00e1ln\u00ed m\u00ed\u0159e u\u017eili. R\u00e1d bych zd\u016fraznil, \u017ee ho kluci poctiv\u011b odmakali, velmi slu\u0161n\u011b se chovali a celkov\u011b p\u016fsobili pohodov\u00fdm dojmem.<\/span><\/p>\n<p><a href=\"http:\/\/bobes2006.rajce.idnes.cz\/Horalka_2018_fotbal\/\">http:\/\/bobes2006.rajce.idnes.cz\/Horalka_2018_fotbal\/<\/a><\/p>\n","protected":false},"excerpt":{"rendered":"<p>Na soust\u0159ed\u011bn\u00ed jsme vyrazili ve \u010dtvrtek po ob\u011bd\u011b v\u00a0po\u010dtu 19 d\u011bt\u00ed a 6 dosp\u011bl\u00fdch. Poprv\u00e9 jsme nem\u011bli k\u00a0dispozici autobus, tak jsme si museli poradit s\u00a0osobn\u00edmi vozy. Bob\u0161ovi d\u011bkujeme za poskytnut\u00ed velkokapacitn\u00edho vozu, zaji\u0161t\u011bn\u00ed fotodokumentace a Vincentky.<\/p>\n","protected":false},"author":4,"featured_media":0,"comment_status":"closed","ping_status":"closed","sticky":false,"template":"","format":"standard","meta":[],"categories":[26,9],"tags":[6,5],"_links":{"self":[{"href":"http:\/\/www.folibchavy.cz\/_www_\/wordpress\/wp-json\/wp\/v2\/posts\/2373"}],"collection":[{"href":"http:\/\/www.folibchavy.cz\/_www_\/wordpress\/wp-json\/wp\/v2\/posts"}],"about":[{"href":"http:\/\/www.folibchavy.cz\/_www_\/wordpress\/wp-json\/wp\/v2\/types\/post"}],"author":[{"embeddable":true,"href":"http:\/\/www.folibchavy.cz\/_www_\/wordpress\/wp-json\/wp\/v2\/users\/4"}],"replies":[{"embeddable":true,"href":"http:\/\/www.folibchavy.cz\/_www_\/wordpress\/wp-json\/wp\/v2\/comments?post=2373"}],"version-history":[{"count":4,"href":"http:\/\/www.folibchavy.cz\/_www_\/wordpress\/wp-json\/wp\/v2\/posts\/2373\/revisions"}],"predecessor-version":[{"id":2377,"href":"http:\/\/www.folibchavy.cz\/_www_\/wordpress\/wp-json\/wp\/v2\/posts\/2373\/revisions\/2377"}],"wp:attachment":[{"href":"http:\/\/www.folibchavy.cz\/_www_\/wordpress\/wp-json\/wp\/v2\/media?parent=2373"}],"wp:term":[{"taxonomy":"category","embeddable":true,"href":"http:\/\/www.folibchavy.cz\/_www_\/wordpress\/wp-json\/wp\/v2\/categories?post=2373"},{"taxonomy":"post_tag","embeddable":true,"href":"http:\/\/www.folibchavy.cz\/_www_\/wordpress\/wp-json\/wp\/v2\/tags?post=2373"}],"curies":[{"name":"wp","href":"https:\/\/api.w.org\/{rel}","templated":true}]}}