{"id":2349,"date":"2018-02-13T21:43:00","date_gmt":"2018-02-13T20:43:00","guid":{"rendered":"http:\/\/www.folibchavy.cz\/_www_\/wordpress\/?p=2349"},"modified":"2018-02-14T07:57:43","modified_gmt":"2018-02-14T06:57:43","slug":"halovy-turnaj-pro-mladsi-pripravku-rocnik-2010-11-2-2018-hermanuv-mestec-tentokrat-trener-experimentoval-se-sestavami-a-u-tymu-a-mu-to-vyslo","status":"publish","type":"post","link":"http:\/\/www.folibchavy.cz\/_www_\/wordpress\/halovy-turnaj-pro-mladsi-pripravku-rocnik-2010-11-2-2018-hermanuv-mestec-tentokrat-trener-experimentoval-se-sestavami-a-u-tymu-a-mu-to-vyslo\/","title":{"rendered":"Halov\u00fd turnaj pro mlad\u0161\u00ed p\u0159\u00edpravku (ro\u010dn\u00edk 2010) \u2013 11.2.2018 \u2013 He\u0159man\u016fv M\u011bstec \u2013 tentokr\u00e1t tren\u00e9r experimentoval se sestavami a u t\u00fdmu \u201eA\u201c mu to vy\u0161lo :)"},"content":{"rendered":"<p><!--more--><\/p>\n<p>V\u00a0ned\u011bli 11.2. jsme jeli s\u00a0pozm\u011bn\u011bnou sestavou t\u00fdmu \u201eA\u201c\u00a0 na dal\u0161\u00ed z\u00a0halov\u00fdch turnaj\u016f, tentokr\u00e1t do He\u0159manova M\u011bstce. Tam jsme je\u0161t\u011b nehr\u00e1li\u2026. A \u010dekalo n\u00e1s tam celkem 9 soupe\u0159\u016f \u2013 2x Nemo\u0161ice, FC Hradec Kr\u00e1lov\u00e9, Kutn\u00e1 Hora, Havl\u00ed\u010dk\u016fv Brod, Rozko\u0161 \u010cesk\u00e1 Skalice, Jarom\u011b\u0159, Rozhovice a Slavoj (nikoliv Houslice :)), ale Slavoj Poln\u00e1. Hr\u00e1lo se ve 2 skupin\u00e1ch a my m\u011bli v\u00a0t\u00e9 sv\u00e9 Nemo\u0161ice \u201emodr\u00e9\u201c, Rozhovice, Jarom\u011b\u0159 a Slavoj Poln\u00e1.<\/p>\n<p>Prvn\u00edm soupe\u0159em byl ji\u017e \u201etradi\u010dn\u00ed\u201c soupe\u0159 z\u00a0Nemo\u0161ic, pod ozna\u010den\u00edm \u201emodr\u00e1\u201c a bylo to na \u00favod dost \u201edrsn\u00e9\u201c\u2026.. Z\u00e1klad sestavy ve slo\u017een\u00ed Petr, Kuba, Mat\u011bj a David si byli tentokr\u00e1t jist\u00ed, \u017ee nemohou ponechat nic n\u00e1hod\u011b a mus\u00ed makat dop\u0159edu a dob\u0159e br\u00e1nit, proto\u017ee tentokr\u00e1t na\u0161i branku nechr\u00e1nila Mark\u00e9tka, ale byl s\u00a0n\u00e1mi \u201ena zku\u0161enou\u201c Oliver z \u201ebamb\u00edn\u201c a na st\u0159\u00edd\u00e1n\u00ed do \u00fatoku jsme s\u00a0sebou m\u011bli Maty\u00e1\u0161e Rybku z \u201eb\u00e9\u010dka\u201c a P\u00e9\u0165u Nov\u00e1ka z \u201ebamb\u00edn\u201c \u2013 oba tak\u00e9 hlavn\u011b \u201ena zku\u0161enou\u201c a sb\u00edr\u00e1n\u00ed nov\u00fdch zku\u0161enost\u00ed, co\u017e si mysl\u00edm, se jim dostalo pln\u011b :). Prvn\u00ed z\u00e1pasy jsou pro n\u00e1s t\u011b\u017ek\u00e9 v\u017edycky, tentokr\u00e1t to bylo snad je\u0161t\u011b o kousek t\u011b\u017e\u0161\u00ed\u2026. Kluci ale makali, sna\u017eili se a nasazen\u00ed bylo maxim\u00e1ln\u00ed a pr\u00e1v\u011b d\u00edky tomu skon\u010dilo prvn\u00ed utk\u00e1n\u00ed rem\u00edzou 1:1, kdy za n\u00e1s d\u00e1val g\u00f3l David.<\/p>\n<p>Ve druh\u00e9m z\u00e1pase proti Slavoji Poln\u00e1 se\u00a0n\u00e1m ji\u017e da\u0159ilo l\u00e9pe st\u0159elecky, prvn\u00ed g\u00f3l jsme tedy dali z\u00a0penalty, kterou prom\u011bnil David po chyb\u011b brank\u00e1\u0159e, kter\u00fd si dal \u201emalou dom\u016f\u201c, co\u017e se nesm\u00ed, pak u\u017e ale g\u00f3ly ze hry p\u0159idali 2x Petr a 1x Kuba. Jeden jsme dostali, tak\u017ee kone\u010dn\u00e9 sk\u00f3re bylo 4:1.<\/p>\n<p>T\u0159et\u00ed z\u00e1pas jsme tu\u0161ili, \u017ee bude nejt\u011b\u017e\u0161\u00ed ve skupin\u011b \u2013 byl proti t\u00fdmu z\u00a0Rozhovic a ti ho postavili z\u00a0ro\u010dn\u00edku 2009 \ud83d\ude41 &#8211; trochu nef\u00e9r v\u016f\u010di ostatn\u00edm t\u00fdm\u016fm, ale aspo\u0148 jsme si hezky zahr\u00e1li vyrovnan\u00fd z\u00e1pas\u2026 na \u00favod jsme prohr\u00e1vali O:1, pak se ale trefil Petr a sk\u00f3re tak vyrovnal\u2026dlouho trval nerozhodn\u00fd stav, pak ale ud\u011blal \u00fato\u010dn\u00edk Rozhovic chybu p\u0159i na\u0161em kop\u00e1n\u00ed rohov\u00e9ho kopu, kdy\u017e se nepostavil na p\u0159edn\u00ed branku, ale a\u017e za n\u00ed \u2013 tedy \u201edo branky\u201c a sta\u010dilo dob\u0159e rozehr\u00e1t a trefit ho a on si dal regul\u00e9rn\u00ed \u201evlastn\u00ed\u201c g\u00f3l. No a v\u00a0posledn\u00edch vte\u0159in\u00e1ch p\u0159i n\u00e1s st\u00e1li v\u0161ichni \u201esvat\u00ed\u201c, kdy\u017e soupe\u0159 nast\u0159elil ty\u010dku\u2026\u2026 tedy se \u0161t\u011bst\u00edm v\u00edt\u011bzstv\u00ed 2:1.<\/p>\n<p>Posledn\u00edm soupe\u0159em ve skupin\u011b byl t\u00fdm z\u00a0Jarom\u011b\u0159e, kter\u00fd jsme nakonec vyhr\u00e1li 3:0 po g\u00f3lech Petra a Davida a u posledn\u00edho byl tak\u00e9 posledn\u00edm na\u0161\u00edm hr\u00e1\u010dem David, ale g\u00f3l si ne\u0161\u0165astn\u011b do branky nasm\u011broval brank\u00e1\u0159 Jarom\u011b\u0159e\u2026..<\/p>\n<p>Toto v\u00edt\u011bzstv\u00ed n\u00e1m zaru\u010dilo postup z\u00a01.m\u00edsta ze skupiny a na\u0161\u00edm soupe\u0159em v\u00a0semifin\u00e1le byl 2. v\u00a0po\u0159ad\u00ed ze druh\u00e9 skupiny \u2013 t\u00fdm FC Hradec Kr\u00e1lov\u00e9, kter\u00fd odehr\u00e1l cel\u00fd turnaj obdivuhodn\u011b v\u00a05 lidech, tedy bez mo\u017enosti st\u0159\u00edd\u00e1n\u00ed\u2026 samoz\u0159ejm\u011b to bylo zn\u00e1t p\u0159i fyzick\u00e9m m\u011b\u0159en\u00ed sil, kdy kluk\u016fm z\u00a0Hradce postupn\u011b doch\u00e1zely s\u00edly\u2026a my se d\u00edky st\u0159el\u00e1m Mat\u011bje, Davida a 2x Petra probojovali do fin\u00e1le turnaje. Jeden g\u00f3l jsme ale tak\u00e9 dostali\u2026. Kone\u010dn\u00fd stav byl 4:1 \ud83d\ude42<\/p>\n<p>Ve fin\u00e1le n\u00e1s \u010dekal druh\u00fd z\u00a0nemo\u0161ick\u00fdch t\u00fdm\u016f, tentokr\u00e1t \u201eb\u00edl\u00ed\u201c, kte\u0159\u00ed v\u00a0semifin\u00e1le porazili v \u201ebratrovra\u017eedn\u00e9m\u201c souboji a\u017e na penelty t\u00fdm \u201emodr\u00fdch\u201c. A v\u011bd\u011bli jsme op\u011bt, \u017ee to bude velk\u00fd souboj, nemo\u0161i\u010dt\u00ed hr\u00e1\u010di se zlep\u0161uj\u00ed, maj\u00ed pom\u011brn\u011b \u0161irokou z\u00e1kladnu kvalitn\u00edch d\u011bt\u00ed, tak\u017ee oba t\u00fdmy m\u011bly hodn\u011b vyrovnan\u00e9 a my to m\u011bli znovu velmi t\u011b\u017ek\u00e9\u2026. Na\u0161t\u011bst\u00ed n\u00e1m vy\u0161el dvakr\u00e1t nacvi\u010den\u00fd sign\u00e1l p\u0159i rozehr\u00e1vce autu, kdy se bal\u00f3n dostal k\u00a0Davidovi a ten svoj\u00ed ranou 2x trefil nechytatelnou pecku \ud83d\ude42 Nav\u00edc se poda\u0159ilo skv\u011ble br\u00e1nit a nepustit soupe\u0159e k\u00a0ni\u010demu z\u00e1sadn\u00edmu, tak\u017ee jsme zv\u00edt\u011bzili ve fin\u00e1le 2:0 \ud83d\ude42<\/p>\n<p>Je nutn\u00e9 podotknout, \u017ee se ani nov\u00ed hr\u00e1\u010di v\u00a0t\u00fdmu neztratili, sna\u017eili se a m\u011bli i n\u011bkolik \u0161anc\u00ed, kter\u00e9 se jim tentokr\u00e1t nepoda\u0159ilo prom\u011bnit v\u00a0g\u00f3ly, ale v\u011b\u0159\u00edme, \u017ee p\u0159\u00ed\u0161t\u011b to ji\u017e vyjde\u2026., stoupne jim sebev\u011bdom\u00ed a bude se jim i mezi zku\u0161en\u011bj\u0161\u00edmi hr\u00e1\u010di da\u0159it, hodilo by se n\u00e1m to pro st\u0159\u00edd\u00e1n\u00ed, aby na to z\u00e1kladn\u00ed sestava nebyla tak sama\u2026. \ud83d\ude42<\/p>\n<p>Na konci celodenn\u00edho turnaje jsme se tedy mohli radovat z\u00a0celkov\u00e9ho v\u00edt\u011bzstv\u00ed, co\u017e nov\u00ed hr\u00e1\u010di za\u017eili mo\u017en\u00e1 poprv\u00e9 ve sv\u00e9 fotbalov\u00e9 \u201ekari\u00e9\u0159e\u201c \ud83d\ude42<\/p>\n<p>D\u011bkujeme cel\u00e9mu t\u00fdmu za p\u0159edveden\u00fd v\u00fdkon, st\u00e1l\u00ed hr\u00e1\u010di p\u0159edvedli mnoho vyda\u0159en\u00fdch akc\u00ed, bylo k\u00a0vid\u011bn\u00ed n\u011bkolik hezk\u00fdch p\u0159ihr\u00e1vek, da\u0159\u00ed se i v\u00a0tr\u00e9ninc\u00edch cvi\u010den\u00e9 kli\u010dky a \u201eblaf\u00e1ky\u201c, individu\u00e1ln\u00ed pr\u00e1ce s\u00a0bal\u00f3nem a je vid\u011bt, \u017ee si kluci celkov\u011b v\u00edce v\u011b\u0159\u00ed ve h\u0159e jeden na jednoho\u2026. Byl to hezk\u00fd pohled na sebev\u011bdom\u00fd v\u00fdkon, kdy t\u00fdm neud\u011blal t\u00e9m\u011b\u0159 \u017e\u00e1dnou z\u00e1sadn\u00ed chybu\u2026.. ale samoz\u0159ejm\u011b je st\u00e1le co zlep\u0161ovat \ud83d\ude42<\/p>\n<p>T\u00fdm byl tentokr\u00e1t ve slo\u017een\u00ed: Oliver Ros\u00e1k (branka), Petr P\u00e1vek, Kuba Kr\u010d\u00e1l, Maty\u00e1\u0161 Rybka, Petr Nov\u00e1k, Mat\u011bj Schauer a David \u017d\u010f\u00e1rsk\u00fd.<\/p>\n<p>Tren\u00e9\u0159i: Roman \u017d\u010f\u00e1rsk\u00fd a Petr P\u00e1vek<\/p>\n<p>Dresy se perou u Rybk\u016f \u2013 d\u011bkujeme \ud83d\ude42<\/p>\n<p>Fotky z\u00a0turnaje si m\u016f\u017eete prohl\u00e9dnout <a href=\"http:\/\/libchavy.rajce.idnes.cz\/Mladsi_pripravka_A_2010_-_Hermanuv_Mestec_11.2.2018\/\">ZDE.<\/a><\/p>\n<p>Zapsala (tentokr\u00e1t zcela p\u0159\u00edtomna): Zita Kr\u010d\u00e1lov\u00e1<\/p>\n","protected":false},"excerpt":{"rendered":"","protected":false},"author":39,"featured_media":0,"comment_status":"closed","ping_status":"closed","sticky":false,"template":"","format":"standard","meta":[],"categories":[23],"tags":[4],"_links":{"self":[{"href":"http:\/\/www.folibchavy.cz\/_www_\/wordpress\/wp-json\/wp\/v2\/posts\/2349"}],"collection":[{"href":"http:\/\/www.folibchavy.cz\/_www_\/wordpress\/wp-json\/wp\/v2\/posts"}],"about":[{"href":"http:\/\/www.folibchavy.cz\/_www_\/wordpress\/wp-json\/wp\/v2\/types\/post"}],"author":[{"embeddable":true,"href":"http:\/\/www.folibchavy.cz\/_www_\/wordpress\/wp-json\/wp\/v2\/users\/39"}],"replies":[{"embeddable":true,"href":"http:\/\/www.folibchavy.cz\/_www_\/wordpress\/wp-json\/wp\/v2\/comments?post=2349"}],"version-history":[{"count":4,"href":"http:\/\/www.folibchavy.cz\/_www_\/wordpress\/wp-json\/wp\/v2\/posts\/2349\/revisions"}],"predecessor-version":[{"id":2353,"href":"http:\/\/www.folibchavy.cz\/_www_\/wordpress\/wp-json\/wp\/v2\/posts\/2349\/revisions\/2353"}],"wp:attachment":[{"href":"http:\/\/www.folibchavy.cz\/_www_\/wordpress\/wp-json\/wp\/v2\/media?parent=2349"}],"wp:term":[{"taxonomy":"category","embeddable":true,"href":"http:\/\/www.folibchavy.cz\/_www_\/wordpress\/wp-json\/wp\/v2\/categories?post=2349"},{"taxonomy":"post_tag","embeddable":true,"href":"http:\/\/www.folibchavy.cz\/_www_\/wordpress\/wp-json\/wp\/v2\/tags?post=2349"}],"curies":[{"name":"wp","href":"https:\/\/api.w.org\/{rel}","templated":true}]}}