{"id":2326,"date":"2018-01-30T06:50:37","date_gmt":"2018-01-30T05:50:37","guid":{"rendered":"http:\/\/www.folibchavy.cz\/_www_\/wordpress\/?p=2326"},"modified":"2018-01-30T07:06:37","modified_gmt":"2018-01-30T06:06:37","slug":"halovy-turnaj-pro-pripravky-rocniku-2010-a-mladsi-tym-a-sobota-27-1-2018-chrudim","status":"publish","type":"post","link":"http:\/\/www.folibchavy.cz\/_www_\/wordpress\/halovy-turnaj-pro-pripravky-rocniku-2010-a-mladsi-tym-a-sobota-27-1-2018-chrudim\/","title":{"rendered":"Halov\u00fd turnaj pro p\u0159\u00edpravky ro\u010dn\u00edku 2010 a mlad\u0161\u00ed (t\u00fdm \u201eA\u201c) \u2013 sobota 27.1.2018, Chrudim"},"content":{"rendered":"<p><!--more--><\/p>\n<p>Dne\u0161n\u00ed \u010dl\u00e1nek je psan\u00fd fanou\u0161kem a tat\u00ednkem v\u00a0jedn\u00e9 osob\u011b\u2026 aspo\u0148 ob\u010das m\u011b n\u011bkdo vyst\u0159\u00edd\u00e1 \ud83d\ude42<\/p>\n<p>V\u00a0sobotu 27.1.2018 se jelo na \u201eodpoledn\u00ed\u201c halov\u00fd turnaj do Chrudimi, kde to ji\u017e dob\u0159e zn\u00e1me. Sjelo se celkem 6 t\u00fdm\u016f \u2013 Jarom\u011b\u0159, Hradec Kr\u00e1lov\u00e9, Pardubice, Havl\u00ed\u010dk\u016fv Brod, Nemo\u0161ice a Libchavy. Hr\u00e1lo se syst\u00e9mem ka\u017ed\u00fd s\u00a0ka\u017ed\u00fdm, 1x 15 minut.<\/p>\n<p><strong>1.z\u00e1pas \u2013 Libchavy \u2013 Jarom\u011b\u0159 (2:0)<\/strong><\/p>\n<p>Prvn\u00ed g\u00f3l dal Petr, pot\u00e9 m\u011bla Jarom\u011b\u0159 velkou \u0161anci, na\u0161t\u011bst\u00ed st\u0159ela t\u011bsn\u011b minula branku\u2026a znovu dal\u0161\u00ed n\u00e1jezd Jarom\u011b\u0159e, na\u0161t\u011bst\u00ed na\u0161i obr\u00e1nci byli na sv\u00fdch m\u00edstech. David dal na 2:0 pro n\u00e1s. V\u00a0prob\u00edhaj\u00edc\u00edch posledn\u00edch 2 minut\u00e1ch \u0161ance Jarom\u011b\u0159e op\u011bt t\u011bsn\u011b minula Mark\u00e9tky br\u00e1nu. Nakonec v\u00edt\u011bz\u00edme a na\u0161i si jdou odpo\u010dinout a d\u00e1t si v\u00a0kabin\u011b rady, jak na dal\u0161\u00ed z\u00e1pas\u2026<\/p>\n<p><strong>2.z\u00e1pas \u2013 Libchavy \u2013 Hradec Kr\u00e1lov\u00e9 (3:0)<\/strong><\/p>\n<p>Prvn\u00ed g\u00f3l dal Petr, druh\u00fd p\u0159idal David z\u00a0p\u0159\u00edm\u00e9ho kopu po faulu na Petra, \u0161ance Hradce Kr\u00e1lov\u00e9 t\u011bsn\u011b prolet\u011bla kolem prav\u00e9 ty\u010dky\u2026 Kub\u00edk vybojoval m\u00ed\u010d a hezkou st\u0159elou k\u00a0prav\u00e9 ty\u010di zvy\u0161uje na 3:0. To byl kone\u010dn\u00fd v\u00fdsledek\u2026.<\/p>\n<p><strong>3.z\u00e1pas \u2013 Libchavy \u2013 Pardubice (3:0)<\/strong><\/p>\n<p>Prvn\u00ed g\u00f3l dal op\u011bt Petr. Po st\u0159ele Pardubic se vyt\u00e1hla tak\u00e9 Mark\u00e9tka hezk\u00fdm z\u00e1krokem. Sk\u00f3re zvy\u0161oval po hezk\u00e9 nahr\u00e1vce Davida Petr. Pak byl faulovan\u00fd Mat\u011bj, kter\u00fd se vypravil z\u00a0obrany do \u00fatoku a byl nedovolen\u011b zastaven\u2026 N\u00e1sledovala rozehr\u00e1vka Davida\u00a0 na Petra, kter\u00fd t\u011bsn\u011b minul m\u00ed\u010d. Dal\u0161\u00ed g\u00f3l p\u0159idal Jon\u00e1\u0161. V\u00a0polovin\u011b dev\u00e1t\u00e9 minuty se kopal p\u0159\u00edm\u00fd kop po faulu na Jon\u00e1\u0161e \u2013 rozehr\u00e1val David \u2013 t\u011bsn\u011b vedle. N\u00e1sledoval kr\u00e1sn\u00fd \u201epas\u201c Davida p\u0159es cel\u00e9 h\u0159i\u0161t\u011b na Kubu, Kub\u00edk ale p\u0159ihr\u00e1vku nezpracoval ide\u00e1ln\u00edm zp\u016fsobem a m\u00ed\u010d mu odkopl brank\u00e1\u0159. Pardubice m\u011bly 2 velk\u00e9 \u0161ance ale Mark\u00e9tka ob\u011b skv\u011ble zlikvidovala.<\/p>\n<p><strong>4.z\u00e1pas \u2013 Libchavy \u2013 Havl\u00ed\u010dk\u016fv Brod (8:0)<\/strong><\/p>\n<p>Prvn\u00ed g\u00f3l dal Petr, pot\u00e9 Kuba st\u0159\u00edlel t\u011bsn\u011b vedle (po nahr\u00e1vce Petra), pak st\u0159\u00edlel Mat\u011bj \u2013 st\u0159ela jako z\u00a0d\u011bla, bohu\u017eel vedle\u2026. Pak p\u0159i\u0161la jedna z\u00a0nejhez\u010d\u00edch akc\u00ed (kombina\u010dn\u00edch), kdy m\u011bl m\u00ed\u010d Kuba, \u0161el s\u00e1m na brank\u00e1\u0159e a t\u011bsn\u011b p\u0159ed n\u00edm nahr\u00e1l Petrovi, kter\u00fd tak sk\u00f3roval do pr\u00e1zdn\u00e9 branky. Zaslou\u017een\u00fd potlesk div\u00e1k\u016f, proto\u017ee se jednalo o hezkou fotbalovou akci. V\u00a0tomto z\u00e1pase jsme p\u0159edvedli nejv\u00edce st\u0159el, kli\u010dek a nahr\u00e1vek. V\u00a0brance byl tentokr\u00e1t od za\u010d\u00e1tku David, Mark\u00e9tka si \u0161la zahr\u00e1t do pole. Matou\u0161ek se vydal s\u00a0m\u00ed\u010dem do \u00fatoku \u2013 jedna kli\u010dka, druh\u00e1 kli\u010dka, t\u0159et\u00ed\u2026a st\u0159ela \u2013 bohu\u017eel vedle, ale pr\u00e1ce s\u00a0balonem p\u011bkn\u00e1. Dlouh\u00e9 minuty pak hrajeme na polovin\u011b soupe\u0159e a sypeme g\u00f3ly\u2026 3.g\u00f3l \u2013 Jon\u00e1\u0161, 4.g\u00f3l \u2013 Kuba, 5., 6. a 7.g\u00f3l Mat\u011bj, kter\u00fd byl nasazen do \u00fatoku. V\u00a0posledn\u00edch vte\u0159in\u00e1ch z\u00e1pasu je\u0161t\u011b p\u0159idal 8.g\u00f3l Matou\u0161ek. Byly vid\u011bt hezk\u00e9 akce, kombinace, kli\u010dky \u2013 pochvala cel\u00e9mu t\u00fdmu!<\/p>\n<p><strong>5.z\u00e1pas \u2013 Libchavy \u2013 Nemo\u0161ice (2:0)<\/strong><\/p>\n<p>Posledn\u00ed z\u00e1pas byl z\u00a0d\u016fvodu zran\u011bn\u00ed hr\u00e1\u010de z\u00a0Nemo\u0161ic zkr\u00e1cen na 10 minut. Prvn\u00ed g\u00f3l dali po vz\u00e1jemn\u00e9 spolupr\u00e1ci Kuba s\u00a0Petrem (nebylo z\u0159eteln\u011b vid\u011bt, kdo dokop\u00e1val\u2026). Druh\u00fd g\u00f3l p\u0159idal, po hezk\u00e9 p\u0159ihr\u00e1vce od Petra, Jon\u00e1\u0161.<\/p>\n<p>Dob\u0159e odehran\u00fd turnaj bez v\u011bt\u0161\u00edch chyb, hodn\u011b p\u0159ihr\u00e1vek, kli\u010dek, dobr\u00e1 spolupr\u00e1ce cel\u00e9ho t\u00fdmu\u2026. To v\u0161e vedlo k\u00a0v\u00edt\u011bzstv\u00ed na tomto turnaji. Neju\u017eite\u010dn\u011bj\u0161\u00edm hr\u00e1\u010dem na\u0161eho t\u00fdmu byl po z\u00e1sluze vyhl\u00e1\u0161en Mat\u011bj. Tento turnaj se n\u00e1m poda\u0159ilo, z\u0159ejm\u011b poprv\u00e9, odehr\u00e1t bez jedin\u00e9ho inkasovan\u00e9ho g\u00f3lu \u2013 BRAVO!<\/p>\n<p>D\u011bkujeme za velice p\u0159\u00edjemn\u00fd, ze strany tren\u00e9ra i klidn\u00fd, sportovn\u00ed z\u00e1\u017eitek. Je radost se d\u00edvat na \u00fasp\u011bchy sv\u00fdch d\u011bt\u00ed \ud83d\ude42<\/p>\n<p><strong>Libchavsk\u00fd t\u00fdm nastoupil ve slo\u017een\u00ed:<\/strong> Mark\u00e9tka Karbulkov\u00e1, Petr P\u00e1vek, Kuba Kr\u010d\u00e1l, Jon\u00e1\u0161 Fajfr, David \u017d\u010f\u00e1rsk\u00fd, Matou\u0161 Mucha a Mat\u011bj Schauer.<\/p>\n<p><strong>Tren\u00e9\u0159i:<\/strong> Roman \u017d\u010f\u00e1rsk\u00fd<\/p>\n<p>Fotky z\u00a0turnaje si m\u016f\u017eete prohl\u00e9dnout <strong><a href=\"http:\/\/libchavy.rajce.idnes.cz\/Mladsi_pripravka_2010_-_Chrudim_27.1.2018\/\">ZDE.<\/a>\u00a0<\/strong>Za fotodokumentaci tentokr\u00e1t d\u011bkujeme M\u00e1rovi Muchovi &#8211; M\u00e1ro, p\u011bkn\u00e9 z\u00e1b\u011bry \ud83d\ude09<\/p>\n<p><strong>Zapsal:<\/strong> Ale\u0161 Kr\u010d\u00e1l<\/p>\n","protected":false},"excerpt":{"rendered":"","protected":false},"author":39,"featured_media":0,"comment_status":"closed","ping_status":"closed","sticky":false,"template":"","format":"standard","meta":[],"categories":[23],"tags":[4],"_links":{"self":[{"href":"http:\/\/www.folibchavy.cz\/_www_\/wordpress\/wp-json\/wp\/v2\/posts\/2326"}],"collection":[{"href":"http:\/\/www.folibchavy.cz\/_www_\/wordpress\/wp-json\/wp\/v2\/posts"}],"about":[{"href":"http:\/\/www.folibchavy.cz\/_www_\/wordpress\/wp-json\/wp\/v2\/types\/post"}],"author":[{"embeddable":true,"href":"http:\/\/www.folibchavy.cz\/_www_\/wordpress\/wp-json\/wp\/v2\/users\/39"}],"replies":[{"embeddable":true,"href":"http:\/\/www.folibchavy.cz\/_www_\/wordpress\/wp-json\/wp\/v2\/comments?post=2326"}],"version-history":[{"count":2,"href":"http:\/\/www.folibchavy.cz\/_www_\/wordpress\/wp-json\/wp\/v2\/posts\/2326\/revisions"}],"predecessor-version":[{"id":2328,"href":"http:\/\/www.folibchavy.cz\/_www_\/wordpress\/wp-json\/wp\/v2\/posts\/2326\/revisions\/2328"}],"wp:attachment":[{"href":"http:\/\/www.folibchavy.cz\/_www_\/wordpress\/wp-json\/wp\/v2\/media?parent=2326"}],"wp:term":[{"taxonomy":"category","embeddable":true,"href":"http:\/\/www.folibchavy.cz\/_www_\/wordpress\/wp-json\/wp\/v2\/categories?post=2326"},{"taxonomy":"post_tag","embeddable":true,"href":"http:\/\/www.folibchavy.cz\/_www_\/wordpress\/wp-json\/wp\/v2\/tags?post=2326"}],"curies":[{"name":"wp","href":"https:\/\/api.w.org\/{rel}","templated":true}]}}