{"id":2302,"date":"2017-12-31T15:09:30","date_gmt":"2017-12-31T14:09:30","guid":{"rendered":"http:\/\/www.folibchavy.cz\/_www_\/wordpress\/?p=2302"},"modified":"2018-01-19T10:24:35","modified_gmt":"2018-01-19T09:24:35","slug":"mladsi-pripravka-r-2009-vyhodnoceni-podzimu-2017","status":"publish","type":"post","link":"http:\/\/www.folibchavy.cz\/_www_\/wordpress\/mladsi-pripravka-r-2009-vyhodnoceni-podzimu-2017\/","title":{"rendered":"MLAD\u0160\u00cd P\u0158\u00cdPRAVKA r. 2009 vyhodnocen\u00ed podzimu 2017"},"content":{"rendered":"<p>K\u00e1dr t\u00fdmu je slo\u017een z osmi kluk\u016f a jedn\u00e9 d\u00edvky a tvo\u0159\u00ed dobr\u00fd t\u00fdm, ale r\u00e1di bychom tento k\u00e1dr roz\u0161\u00ed\u0159ili. V pr\u016fb\u011bhu podzimu jsme odehr\u00e1li v krajsk\u00e9 sout\u011b\u017ei 20 sout\u011b\u017en\u00edch utk\u00e1n\u00ed z nich\u017e bylo 16 v\u00edt\u011bzn\u00fdch, 2 rem\u00edzy a 2 por\u00e1\u017eky p\u0159i skore 157 : 61 g\u00f3lu. Na t\u011bchto vst\u0159elen\u00fdch g\u00f3lech se pod\u00edleli prakticky v\u0161ichni. Nejv\u00edce branek vst\u0159elil Simon V\u00eddensk\u00fd (40), d\u00e1le Kub\u00edk Kalous (34), Luk\u00e1\u0161 Du\u0161ek (21), Patrik Vizv\u00e1ry (16), Milda Pirkl (13), Jolana P\u00e1vkov\u00e1 (12), Tom\u00e1\u0161 Ol\u00e1h (11), Jenda Kulhav\u00fd (10). V t\u00fdmu nen\u00ed stabiln\u00ed brank\u00e1\u0159 a tak se kluci v chyt\u00e1n\u00ed st\u0159\u00eddaj\u00ed.<\/p>\n<p><!--more-->V hale jsme si ji\u017e tak dob\u0159e nevedli. Ze 24 z\u00e1pas\u016f jsme ve 12 zv\u00edt\u011bzili, ve 2 remizovali a 10x jsme prohr\u00e1li p\u0159i skore 56 : 39. P\u0159echod do velk\u00fdch hal jsme ze za\u010d\u00e1tku nezvl\u00e1dli. Na vst\u0159elen\u00fdch brank\u00e1ch se pod\u00edleli Simon, Luk\u00e1\u0161, Patrik a Kub\u00edk (chyb\u00ed st\u0159elci branek ve Vamberku).<\/p>\n<p>V pr\u016fb\u011bhu podzimu jsme absolvovali 30 tr\u00e9ninkov\u00fdch jednotek, kdy\u017e \u00fa\u010dast dosahovala v\u00edce ne\u017e 80%. Nejpiln\u011bji tr\u00e9ninky absolvovali Patrik, Simon, Luk\u00e1\u0161 a Tom\u00e1\u0161. Rezervy v \u00fa\u010dasti maj\u00ed Milda, Kub\u00edk a Jenda. Tr\u00e9ninky byly zpest\u0159eny florbalem a trampol\u00ednkami.<\/p>\n<p>Pod\u011bkov\u00e1n\u00ed pat\u0159\u00ed v\u0161em tren\u00e9r\u016fm za veden\u00ed tr\u00e9nink\u016f a organizov\u00e1n\u00ed z\u00e1pas\u016f.<\/p>\n<p>Zapsal: Du\u0161ek<\/p>\n","protected":false},"excerpt":{"rendered":"<p>K\u00e1dr t\u00fdmu je slo\u017een z osmi kluk\u016f a jedn\u00e9 d\u00edvky a tvo\u0159\u00ed dobr\u00fd t\u00fdm, ale r\u00e1di bychom tento k\u00e1dr roz\u0161\u00ed\u0159ili. V pr\u016fb\u011bhu podzimu jsme odehr\u00e1li v krajsk\u00e9 sout\u011b\u017ei 20 sout\u011b\u017en\u00edch utk\u00e1n\u00ed z nich\u017e bylo 16 v\u00edt\u011bzn\u00fdch, 2 rem\u00edzy a 2 por\u00e1\u017eky p\u0159i skore 157 : 61 g\u00f3lu. Na t\u011bchto vst\u0159elen\u00fdch g\u00f3lech se pod\u00edleli prakticky v\u0161ichni. [&hellip;]<\/p>\n","protected":false},"author":33,"featured_media":0,"comment_status":"closed","ping_status":"closed","sticky":false,"template":"","format":"standard","meta":[],"categories":[23],"tags":[4],"_links":{"self":[{"href":"http:\/\/www.folibchavy.cz\/_www_\/wordpress\/wp-json\/wp\/v2\/posts\/2302"}],"collection":[{"href":"http:\/\/www.folibchavy.cz\/_www_\/wordpress\/wp-json\/wp\/v2\/posts"}],"about":[{"href":"http:\/\/www.folibchavy.cz\/_www_\/wordpress\/wp-json\/wp\/v2\/types\/post"}],"author":[{"embeddable":true,"href":"http:\/\/www.folibchavy.cz\/_www_\/wordpress\/wp-json\/wp\/v2\/users\/33"}],"replies":[{"embeddable":true,"href":"http:\/\/www.folibchavy.cz\/_www_\/wordpress\/wp-json\/wp\/v2\/comments?post=2302"}],"version-history":[{"count":2,"href":"http:\/\/www.folibchavy.cz\/_www_\/wordpress\/wp-json\/wp\/v2\/posts\/2302\/revisions"}],"predecessor-version":[{"id":2314,"href":"http:\/\/www.folibchavy.cz\/_www_\/wordpress\/wp-json\/wp\/v2\/posts\/2302\/revisions\/2314"}],"wp:attachment":[{"href":"http:\/\/www.folibchavy.cz\/_www_\/wordpress\/wp-json\/wp\/v2\/media?parent=2302"}],"wp:term":[{"taxonomy":"category","embeddable":true,"href":"http:\/\/www.folibchavy.cz\/_www_\/wordpress\/wp-json\/wp\/v2\/categories?post=2302"},{"taxonomy":"post_tag","embeddable":true,"href":"http:\/\/www.folibchavy.cz\/_www_\/wordpress\/wp-json\/wp\/v2\/tags?post=2302"}],"curies":[{"name":"wp","href":"https:\/\/api.w.org\/{rel}","templated":true}]}}