{"id":2298,"date":"2017-12-12T13:05:22","date_gmt":"2017-12-12T12:05:22","guid":{"rendered":"http:\/\/www.folibchavy.cz\/_www_\/wordpress\/?p=2298"},"modified":"2017-12-12T13:05:22","modified_gmt":"2017-12-12T12:05:22","slug":"mladsi-pripravka-2010-halovy-turnaj-9-12-2017-libchavy","status":"publish","type":"post","link":"http:\/\/www.folibchavy.cz\/_www_\/wordpress\/mladsi-pripravka-2010-halovy-turnaj-9-12-2017-libchavy\/","title":{"rendered":"Mlad\u0161\u00ed p\u0159\u00edpravka 2010 &#8211; halov\u00fd turnaj \u2013 9.12.2017 \u2013 Libchavy"},"content":{"rendered":"<p><!--more--><\/p>\n<p>V\u00a0sobotu 9.12. jsme se se\u0161li na posledn\u00edm leto\u0161n\u00edm halov\u00e9m turnaji, kter\u00fd jsme odehr\u00e1li na dom\u00e1c\u00ed p\u016fd\u011b, tedy v\u00a0libchavsk\u00e9 t\u011blocvi\u010dn\u011b. Nutno podotknout, \u017ee bychom si zaslou\u017eili lep\u0161\u00ed a d\u016fstojn\u011bj\u0161\u00ed prostor, v porovn\u00e1n\u00ed s jin\u00fdmi halami, kam jezd\u00edme na zimn\u00ed turnaje, jsme opravdu s \u00farovn\u00ed na chvostu&#8230; \ud83d\ude41<\/p>\n<p>Ale zp\u00e1tky k fotbalu&#8230;..V\u00a0ro\u010dn\u00edku 2010 m\u00e1me pom\u011brn\u011b dost d\u011bt\u00ed, proto jsme mohli postavit 2 mu\u017estva \u2013 \u201eA\u201c a \u201eB\u201c. Proti n\u00e1m postupn\u011b nastoupila mu\u017estva z\u00a0\u00dast\u00ed nad Orlic\u00ed, \u017damberku, Rokytnice a Nemo\u0161ic. Hr\u00e1lo se syst\u00e9mem ka\u017ed\u00fd s\u00a0ka\u017ed\u00fdm, 1x 15 minut.<\/p>\n<p>Vid\u011bli jsme solidn\u00ed fotbal, n\u011bkter\u00e9 z\u00e1pasy byly opravdu pohledn\u00e9, pln\u00e9 individu\u00e1ln\u00edch akc\u00ed \u2013 kli\u010dek, p\u0159ihr\u00e1vek i hezk\u00fdch st\u0159el. N\u011bkdy jsme kombinovali a\u017e dost, jindy se n\u00e1m zase neda\u0159ilo zakon\u010dit, vyt\u00e1hli se i brank\u00e1\u0159i p\u011bkn\u00fdmi z\u00e1sahy, ale d\u016fle\u017eit\u00e9 bylo, \u017ee m\u011bly d\u011bti radost ze hry a daly do toho v\u0161ichni maximum, co v\u00a0nich je.<\/p>\n<p>Na\u0161e mu\u017estvo \u201eA\u201c hr\u00e1lo prvn\u00ed z\u00e1pas proti Rokytnici, kde je t\u00fdm tvo\u0159eno hodn d\u00edvkami a je vid\u011bt, \u017ee s\u00a0fotbalem za\u010d\u00ednaj\u00ed, sehr\u00e1vaj\u00ed se a na\u0161e sehran\u00e1 parta je k\u00a0ni\u010demu z\u00e1sadn\u00edmu nepustila. Vyhr\u00e1li jsme <strong>4:0<\/strong>, kdy g\u00f3ly dali Petr 2x, David a Kuba.<\/p>\n<p>Ve druh\u00e9m z\u00e1pase proti \u00dast\u00ed n.Orlic\u00ed jsme o\u010dek\u00e1vali tu\u017e\u0161\u00ed boj, kter\u00fd se ale nakonec nekonal a my je jednozna\u010dn\u011b p\u0159ev\u00e1lcovali <strong>6:0<\/strong>. G\u00f3ly dal Petr \u2013 4x + si dali jeden vlastn\u00ed, u kter\u00e9ho byl Petr tak\u00e9 a 1 si dal Honza Navrkal. Ostatn\u00ed kluci p\u011bkn\u011b p\u0159ihr\u00e1vali, kombinovali a p\u0159ipravovali akce, kter\u00e9 se Petrovi tentokr\u00e1t da\u0159ilo pom\u011brn\u011b jednodu\u0161e zakon\u010dovat.<\/p>\n<p>Dal\u0161\u00ed z\u00e1pas byl o pozn\u00e1n\u00ed vyrovnan\u011bj\u0161\u00ed, tuh\u00fd boj jsme svedli s\u00a0kluky z\u00a0Nemo\u0161ic, kter\u00e9 u\u017e pom\u011brn\u011b dob\u0159e zn\u00e1me a v\u00edme, \u017ee to proti n\u00e1m um\u00ed. Kubovi se poda\u0159ilo d\u00e1t prvn\u00ed kr\u00e1snou branku, pak ale p\u0159i\u0161la naprosto fat\u00e1ln\u00ed chyba na\u0161\u00ed brank\u00e1\u0159ky Mark\u00e9tky, kter\u00e1 m\u00edsto toho, aby bal\u00f3n, kter\u00fd na ni lehce let\u011bl, chytila do ruky, tak se sna\u017eila ho odhlavi\u010dkovat\u2026to se j\u00ed poda\u0159ilo skv\u011ble\u2026ale bohu\u017eel do vlastn\u00ed branky \ud83d\ude41 No nic, jelo se d\u00e1l\u2026. Makalo se na pln\u00e9 obr\u00e1tky a na\u0161t\u011bst\u00ed se Petrovi poda\u0159ilo d\u00e1t druhou branku a my tak zv\u00edt\u011bzili huben\u00fdm v\u00fdsledkem <strong>2:1.<\/strong> Boj to byl ale kr\u00e1sn\u00fd a opravdu hodn\u011b hodn\u011b vyrovnan\u00fd, tento t\u00fdm n\u00e1m je asi nejvyrovnan\u011bj\u0161\u00ed a sehr\u00e1v\u00e1me s\u00a0n\u00edm standardn\u011b nejhez\u010d\u00ed z\u00e1pasy.<\/p>\n<p>P\u0159edposledn\u00ed z\u00e1pas jsme sehr\u00e1li s\u00a0dom\u00e1c\u00edm mu\u017estvem \u201eB\u201c \u2013 byl to opravdu \u201ebratrovra\u017eedn\u00fd\u201c boj, kter\u00fd nakonec nep\u0159inesl branku ani na jedn\u00e9 stran\u011b\u2026 my sice soupe\u0159e zatla\u010dili na jejich polovinu a t\u00e9m\u011b\u0159 je z\u00a0n\u00ed nepustili, ale tentokr\u00e1t se n\u00e1m v\u016fbec neda\u0159ilo st\u0159elecky, \u0161anc\u00ed bylo hodn\u011b, ale dobr\u00fdmi z\u00e1kroky se vyt\u00e1hl v\u00a0brance Danda a nedovolil \u017e\u00e1dn\u00e9mu z\u00a0na\u0161ich hr\u00e1\u010d\u016f zakon\u010dit do br\u00e1ny. Z\u00e1pas tedy skon\u010dil sm\u00ed\u0159liv\u00fdm v\u00fdsledkem <strong>0:0<\/strong>.<\/p>\n<p>V\u00a0posledn\u00edm z\u00e1pase n\u00e1s \u010dekalo mu\u017estvo ze \u017damberka, se kter\u00fdmi m\u00e1me kladnou bilanci a tu jsme tak\u00e9 potvrdili jednozna\u010dn\u00fdm v\u00fdsledkem <strong>6:0<\/strong>, kdy se brankov\u011b pod\u00edleli t\u00e9m\u011b\u0159 v\u0161ichni hr\u00e1\u010di. G\u00f3ly dali postupn\u011b Kuba, Petr, Mat\u011bj, Honza Navrkal i David. Tren\u00e9r tak\u00e9 prohodil \u00fatok s\u00a0obranou, aby si kluci vyzkou\u0161eli i jin\u00e9 posty a mysl\u00edm, \u017ee to v\u0161ichni zvl\u00e1dli s\u00a0radost\u00ed a \u00fasm\u011bvem na tv\u00e1\u0159i. <strong>Bez jedin\u00e9 por\u00e1\u017eky v\u00a0sobotn\u00edm z\u00e1polen\u00ed, pouze s\u00a0jednou \u201ebratrskou\u201c rem\u00edzou, t\u00fdm dom\u00e1c\u00edho \u201e\u00e1\u010dka\u201c znovu zv\u00edt\u011bzil.<\/strong><\/p>\n<p><strong>Byl ve slo\u017een\u00ed:<\/strong> Mark\u00e9tka Karbulkov\u00e1, Petr P\u00e1vek, Kuba Kr\u010d\u00e1l, Honza Navrkal, Honza Ralik, David \u017d\u010f\u00e1rsk\u00fd a Mat\u011bj Schauer.<\/p>\n<p>Mu\u017estvo \u201eB\u201c hr\u00e1lo postupn\u011b proti t\u00fdm\u016fm: Nemo\u0161ice \u2013 v\u00fdsledek 1:2, \u017damberku 4:0, \u00dast\u00ed n.Orlic\u00ed 2:0, a s\u00a0Rokytnic\u00ed remizovali 0:0, celkov\u011b skon\u010dili na kr\u00e1sn\u00e9m 3.m\u00edst\u011b.<\/p>\n<p><strong>Hr\u00e1lo ve slo\u017een\u00ed:<\/strong> Dan Pra\u017e\u00e1k, Jon\u00e1\u0161 Fajfr, Matou\u0161 Mucha, Jakub \u0160inkovsk\u00fd, Jakub Ma\u0159\u00edk, Honza P\u011bknic a Filip Kalous.<\/p>\n<p><span style=\"text-decoration: underline\"><strong>Kone\u010dn\u00e9 po\u0159ad\u00ed bylo:<\/strong><\/span><\/p>\n<p><strong>1.m\u00edsto \u2013 Libchavy \u201eA\u201c<\/strong><\/p>\n<p>2.m\u00edsto \u2013 Nemo\u0161ice<\/p>\n<p><strong>3.m\u00edsto \u2013 Libchavy \u201eB\u201c<\/strong><\/p>\n<p>4.m\u00edsto \u2013 \u00dast\u00ed nad Orlic\u00ed<\/p>\n<p>5.m\u00edsto \u2013 Rokytnice<\/p>\n<p>6.m\u00edsto \u2013 \u017damberk<\/p>\n<p><strong>Tren\u00e9\u0159i:<\/strong> t\u00fdm \u201eA\u201c \u2013 Roman \u017d\u010f\u00e1rsk\u00fd a Petr P\u00e1vek, t\u00fdm \u201eB\u201c \u2013 B\u0159\u00e9\u0165a Pra\u017e\u00e1k<\/p>\n<p>Dresy za t\u00fdm \u201eA\u201c se vypraly a usu\u0161ily u Kr\u010d\u00e1l\u016f \u2013 d\u011bkujeme \ud83d\ude42<\/p>\n<p>\u00dasp\u011b\u0161n\u011b jsme tak zakon\u010dili hrac\u00ed \u010d\u00e1st kalend\u00e1\u0159n\u00edho roku 2017 a v\u0161ichni u\u017e se t\u011b\u0161\u00edme na zaslou\u017een\u00e9 volno od fotbalu J V\u00a0sobotu 16.12. se je\u0161t\u011b sejdeme na bowlingu v\u00a0\u00dast\u00ed, kde si d\u011bti zahraj\u00ed a rodi\u010de pokl\u00e1bos\u00ed, v\u0161ichni poj\u00edme a popijeme a pak u\u017e se budeme t\u011b\u0161it na Je\u017e\u00ed\u0161ka \ud83d\ude42<\/p>\n<p>D\u011bkujeme v\u0161em, kte\u0159\u00ed se jak\u00fdmkoliv zp\u016fsobem pod\u00edleli na \u00fasp\u011b\u0161\u00edch mlad\u0161\u00ed p\u0159\u00edpravky 2010 \u2013 d\u011btem za jejich v\u00fdkony, tren\u00e9r\u016fm za jejich p\u0159\u00edpravu, rodi\u010d\u016fm a ostatn\u00edm p\u0159\u00edznivc\u016fm za podporu.<\/p>\n<p>P\u0159ejeme v\u0161em kr\u00e1sn\u00e9 sv\u00e1tky v\u00a0klidu a pohod\u011b, d\u011btem spln\u011bn\u00ed jejich p\u0159\u00e1n\u00ed, nabr\u00e1n\u00ed nov\u00e9 chuti a sil pro hran\u00ed fotbalu v\u00a0roce 2018 a rodi\u010d\u016fm dostate\u010dn\u00fd odpo\u010dinek \ud83d\ude42<\/p>\n<p>Fotky z\u00a0turnaje si m\u016f\u017eete prohl\u00e9dnout <strong><a href=\"http:\/\/libchavy.rajce.idnes.cz\/Libchavy_fotbalovy_turnaj_U8_-_9.12.2017\/\">ZDE.<\/a><\/strong><\/p>\n<p><strong>Zapsala:<\/strong> Zita Kr\u010d\u00e1lov\u00e1<\/p>\n","protected":false},"excerpt":{"rendered":"","protected":false},"author":39,"featured_media":0,"comment_status":"closed","ping_status":"closed","sticky":false,"template":"","format":"standard","meta":[],"categories":[23],"tags":[4],"_links":{"self":[{"href":"http:\/\/www.folibchavy.cz\/_www_\/wordpress\/wp-json\/wp\/v2\/posts\/2298"}],"collection":[{"href":"http:\/\/www.folibchavy.cz\/_www_\/wordpress\/wp-json\/wp\/v2\/posts"}],"about":[{"href":"http:\/\/www.folibchavy.cz\/_www_\/wordpress\/wp-json\/wp\/v2\/types\/post"}],"author":[{"embeddable":true,"href":"http:\/\/www.folibchavy.cz\/_www_\/wordpress\/wp-json\/wp\/v2\/users\/39"}],"replies":[{"embeddable":true,"href":"http:\/\/www.folibchavy.cz\/_www_\/wordpress\/wp-json\/wp\/v2\/comments?post=2298"}],"version-history":[{"count":1,"href":"http:\/\/www.folibchavy.cz\/_www_\/wordpress\/wp-json\/wp\/v2\/posts\/2298\/revisions"}],"predecessor-version":[{"id":2299,"href":"http:\/\/www.folibchavy.cz\/_www_\/wordpress\/wp-json\/wp\/v2\/posts\/2298\/revisions\/2299"}],"wp:attachment":[{"href":"http:\/\/www.folibchavy.cz\/_www_\/wordpress\/wp-json\/wp\/v2\/media?parent=2298"}],"wp:term":[{"taxonomy":"category","embeddable":true,"href":"http:\/\/www.folibchavy.cz\/_www_\/wordpress\/wp-json\/wp\/v2\/categories?post=2298"},{"taxonomy":"post_tag","embeddable":true,"href":"http:\/\/www.folibchavy.cz\/_www_\/wordpress\/wp-json\/wp\/v2\/tags?post=2298"}],"curies":[{"name":"wp","href":"https:\/\/api.w.org\/{rel}","templated":true}]}}