{"id":2098,"date":"2017-10-04T14:29:22","date_gmt":"2017-10-04T12:29:22","guid":{"rendered":"http:\/\/www.folibchavy.cz\/_www_\/wordpress\/?p=2098"},"modified":"2017-10-04T14:29:22","modified_gmt":"2017-10-04T12:29:22","slug":"okresni-soutez-mladsi-pripravka-b-nemcice-30-9-2017","status":"publish","type":"post","link":"http:\/\/www.folibchavy.cz\/_www_\/wordpress\/okresni-soutez-mladsi-pripravka-b-nemcice-30-9-2017\/","title":{"rendered":"Okresn\u00ed sout\u011b\u017e &#8211; mlad\u0161\u00ed p\u0159\u00edpravka B &#8211; N\u011bm\u010dice 30.9.2017"},"content":{"rendered":"<p><!--more--><\/p>\n<p>Mlad\u0161\u00ed p\u0159\u00edpravka &#8220;B&#8221; zaj\u00ed\u017ed\u011bla uplynul\u00fd v\u00edkend na turnaj do N\u011bm\u010dic.<\/p>\n<p>Prvn\u00ed utk\u00e1n\u00ed jsme hr\u00e1li proti dom\u00e1c\u00edm a prohr\u00e1li ho <strong>7:5.<\/strong> Z\u00e1pas n\u00e1m uk\u00e1zal, \u017ee se hr\u00e1\u010di mus\u00ed zlep\u0161it v br\u00e1n\u011bn\u00ed a obsazovan\u00ed soupe\u0159e, ale taky, \u017ee kdy\u017e &#8220;zamakaj\u00ed&#8221;, tak to jde. G\u00f3ly d\u00e1vali &#8211; Honza P., \u0160t\u011bp\u00e1n P., Maty R., David \u017d. a Dan\u00edk P.<\/p>\n<p>Druh\u00e9 utk\u00e1n\u00ed jsme hr\u00e1li s klukama z Dlouho\u0148ovic, vyhr\u00e1li jsme ho <strong>7:1<\/strong>. G\u00f3ly &#8211; 3\u00d7 David, 2\u00d7 \u0160t\u011bp\u00e1n a 1\u00d7 Denis N. a Maty. Z\u00e1pas byl p\u011bkn\u00fd, g\u00f3ly po kr\u00e1sn\u00fdch akc\u00edch a nahr\u00e1vk\u00e1ch. Povedl se v\u0161em.<\/p>\n<p>Posledn\u00ed z\u00e1pas jsme hr\u00e1li proti Dob\u0159\u00edkovu a vyhr\u00e1li jsme <strong>5:3<\/strong>. Za prvn\u00ed polo\u010das mus\u00edm kluky pochv\u00e1lit ale za druh\u00fd pok\u00e1rat, polevili a nechali si dat lacin\u00e9 branky, koncentrace je pot\u0159eba udr\u017eet. G\u00f3ly 5\u00d7 David.<\/p>\n<p>Jinak turnaj hodnot\u00edm kladn\u011b, kluci uk\u00e1zali mnoho tv\u00e1\u0159\u00ed, ale hlavn\u011b chu\u0165 hr\u00e1t, a to je hlavn\u00ed.<\/p>\n<p>V\u0161em z\u00fa\u010dastn\u011bn\u00fdm d\u011bkuji a t\u011b\u0161\u00edm se p\u0159\u00ed\u0161t\u00ed t\u00fdden do Libchav.<\/p>\n<p>Zapsal tren\u00e9r: B\u0159\u00e9\u0165a Pra\u017e\u00e1k<\/p>\n<p>Fotky z turnaje si m\u016f\u017eete prohl\u00e9dnout <strong><a href=\"http:\/\/libchavy.rajce.idnes.cz\/Mladsi_pripravka_-_turnaj_Nemcice_30.9._2017\/\">ZDE.<\/a><\/strong><\/p>\n","protected":false},"excerpt":{"rendered":"","protected":false},"author":39,"featured_media":0,"comment_status":"closed","ping_status":"closed","sticky":false,"template":"","format":"standard","meta":[],"categories":[23],"tags":[4],"_links":{"self":[{"href":"http:\/\/www.folibchavy.cz\/_www_\/wordpress\/wp-json\/wp\/v2\/posts\/2098"}],"collection":[{"href":"http:\/\/www.folibchavy.cz\/_www_\/wordpress\/wp-json\/wp\/v2\/posts"}],"about":[{"href":"http:\/\/www.folibchavy.cz\/_www_\/wordpress\/wp-json\/wp\/v2\/types\/post"}],"author":[{"embeddable":true,"href":"http:\/\/www.folibchavy.cz\/_www_\/wordpress\/wp-json\/wp\/v2\/users\/39"}],"replies":[{"embeddable":true,"href":"http:\/\/www.folibchavy.cz\/_www_\/wordpress\/wp-json\/wp\/v2\/comments?post=2098"}],"version-history":[{"count":1,"href":"http:\/\/www.folibchavy.cz\/_www_\/wordpress\/wp-json\/wp\/v2\/posts\/2098\/revisions"}],"predecessor-version":[{"id":2099,"href":"http:\/\/www.folibchavy.cz\/_www_\/wordpress\/wp-json\/wp\/v2\/posts\/2098\/revisions\/2099"}],"wp:attachment":[{"href":"http:\/\/www.folibchavy.cz\/_www_\/wordpress\/wp-json\/wp\/v2\/media?parent=2098"}],"wp:term":[{"taxonomy":"category","embeddable":true,"href":"http:\/\/www.folibchavy.cz\/_www_\/wordpress\/wp-json\/wp\/v2\/categories?post=2098"},{"taxonomy":"post_tag","embeddable":true,"href":"http:\/\/www.folibchavy.cz\/_www_\/wordpress\/wp-json\/wp\/v2\/tags?post=2098"}],"curies":[{"name":"wp","href":"https:\/\/api.w.org\/{rel}","templated":true}]}}