{"id":1923,"date":"2017-09-11T08:40:14","date_gmt":"2017-09-11T06:40:14","guid":{"rendered":"http:\/\/www.folibchavy.cz\/_www_\/wordpress\/?p=1923"},"modified":"2017-09-11T08:41:04","modified_gmt":"2017-09-11T06:41:04","slug":"krajska-soutez-starsi-pripravka-9-9-2017-dolni-ujezd","status":"publish","type":"post","link":"http:\/\/www.folibchavy.cz\/_www_\/wordpress\/krajska-soutez-starsi-pripravka-9-9-2017-dolni-ujezd\/","title":{"rendered":"STAR\u0160\u00cd P\u0158\u00cdPRAVKA 9.9.2017 Doln\u00ed \u00dajezd"},"content":{"rendered":"<p><!--more--><\/p>\n<p>Za\u010d\u00e1tek sez\u00f3ny se n\u00e1m hern\u011b vyvedl. Postupn\u011b jsme sehr\u00e1li kvalitn\u00ed z\u00e1pasy s\u00a0dom\u00e1c\u00edm Doln\u00edm \u00dajezdem, Chocn\u00ed a na z\u00e1v\u011br s\u00a0kluky z\u00a0Litomy\u0161le.<\/p>\n<p>Nebyla zn\u00e1t hern\u00ed pr\u00e1zdninov\u00e1 pauza a do soupe\u0159\u016f jsme se hned od za\u010d\u00e1tku p\u011bkn\u011b \u201ezakousli\u201c.\u00a0 Neb\u00e1li jsme se chodit do kli\u010dek, a kdy\u017e kluci dali hlavu nahoru, byly k\u00a0vid\u011bn\u00ed i p\u011bkn\u00e9 kombinace. D\u00edky tomu se n\u00e1m poda\u0159ilo nast\u0159\u00edlet hodn\u011b branek. Na druhou stranu nesoust\u0159ed\u011bnost\u00ed jsme jich i dost dostali (9).<\/p>\n<p>Nejvyrovnan\u011bj\u0161\u00ed z\u00e1pas proti Litomy\u0161li rozhodl v\u00fdborn\u00fdm individu\u00e1ln\u00edm v\u00fdkonem Craig a v\u00a0brance n\u00e1s podr\u017eel F\u00ed\u0161a.<\/p>\n<p>Pochvalu ale zaslou\u017e\u00ed v\u0161ichni na h\u0159i\u0161ti a tak\u00e9 na\u0161i fanou\u0161ci-rodi\u010de a strejdov\u00e9 J.<\/p>\n<p>Nicm\u00e9n\u011b m\u00e1me i rezervy, na kter\u00fdch je t\u0159eba zapracovat. Na tr\u00e9ninc\u00edch zlep\u0161\u00edme p\u0159evzet\u00ed m\u00ed\u010de a p\u0159ehled ve h\u0159e.<\/p>\n<p>Branky:<\/p>\n<p>Libchavy \u2013 D. \u00dajezd<\/p>\n<p>Honza 3x, Craig 2x, \u0160t\u011bp\u00e1n, Martin<\/p>\n<p>Libchavy \u2013 Choce\u0148<\/p>\n<p>Craig 6x, Honza 5x \u0160t\u011bp\u00e1n 2x, Mat\u011bj 2x, F\u00ed\u0161a 2x, Martin<\/p>\n<p>Libchavy \u2013 Litomy\u0161l<\/p>\n<p>Craig 4x, Honza<\/p>\n<p>V poli nastoupili: Ad\u00e9lka R\u00e1bov\u00e1, Martin Aubus, Mates \u010cerm\u00e1k, Kuba Fi\u0161er, Craig Henderson, \u0160t\u011bp\u00e1n Ba\u0161nik, Mat\u011bj Vondra, Petr Marhold, Honza Dost\u00e1l<\/p>\n<p>V\u00a0brance: Kuba Fi\u0161er, Mates \u010cerm\u00e1k<\/p>\n<p>Dresy se perou u Dost\u00e1l\u016f, d\u011bkujeme.<\/p>\n<p><strong>Tren\u00e9r:<\/strong> Milan \u0160alda<\/p>\n","protected":false},"excerpt":{"rendered":"","protected":false},"author":43,"featured_media":0,"comment_status":"closed","ping_status":"closed","sticky":false,"template":"","format":"standard","meta":[],"categories":[23],"tags":[40],"_links":{"self":[{"href":"http:\/\/www.folibchavy.cz\/_www_\/wordpress\/wp-json\/wp\/v2\/posts\/1923"}],"collection":[{"href":"http:\/\/www.folibchavy.cz\/_www_\/wordpress\/wp-json\/wp\/v2\/posts"}],"about":[{"href":"http:\/\/www.folibchavy.cz\/_www_\/wordpress\/wp-json\/wp\/v2\/types\/post"}],"author":[{"embeddable":true,"href":"http:\/\/www.folibchavy.cz\/_www_\/wordpress\/wp-json\/wp\/v2\/users\/43"}],"replies":[{"embeddable":true,"href":"http:\/\/www.folibchavy.cz\/_www_\/wordpress\/wp-json\/wp\/v2\/comments?post=1923"}],"version-history":[{"count":3,"href":"http:\/\/www.folibchavy.cz\/_www_\/wordpress\/wp-json\/wp\/v2\/posts\/1923\/revisions"}],"predecessor-version":[{"id":1960,"href":"http:\/\/www.folibchavy.cz\/_www_\/wordpress\/wp-json\/wp\/v2\/posts\/1923\/revisions\/1960"}],"wp:attachment":[{"href":"http:\/\/www.folibchavy.cz\/_www_\/wordpress\/wp-json\/wp\/v2\/media?parent=1923"}],"wp:term":[{"taxonomy":"category","embeddable":true,"href":"http:\/\/www.folibchavy.cz\/_www_\/wordpress\/wp-json\/wp\/v2\/categories?post=1923"},{"taxonomy":"post_tag","embeddable":true,"href":"http:\/\/www.folibchavy.cz\/_www_\/wordpress\/wp-json\/wp\/v2\/tags?post=1923"}],"curies":[{"name":"wp","href":"https:\/\/api.w.org\/{rel}","templated":true}]}}