{"id":1919,"date":"2017-09-09T12:44:01","date_gmt":"2017-09-09T10:44:01","guid":{"rendered":"http:\/\/www.folibchavy.cz\/_www_\/wordpress\/?p=1919"},"modified":"2017-09-12T10:04:20","modified_gmt":"2017-09-12T08:04:20","slug":"mladsi-pripravka-a-dolni-ujezd-9-9","status":"publish","type":"post","link":"http:\/\/www.folibchavy.cz\/_www_\/wordpress\/mladsi-pripravka-a-dolni-ujezd-9-9\/","title":{"rendered":"Mlad\u0161\u00ed p\u0159\u00edpravka A &#8211; Doln\u00ed \u00dajezd 9.9"},"content":{"rendered":"<p><!--more--><\/p>\n<p>Libchav\u0161t\u00ed hr\u00e1\u010di si dnes zahr\u00e1li sv\u016fj prvn\u00ed turnaj v krajsk\u00e9 sout\u011b\u017ei a sv\u00e9 prvn\u00ed po pr\u00e1zdninov\u00e9 z\u00e1pasy. Po\u010das\u00ed n\u00e1m p\u0159\u00e1lo, cesta byla nedalek\u00e1 a na hr\u00e1\u010d\u00edch byla zn\u00e1t del\u0161\u00ed pauza &#8211; p\u0159est\u00e1vka se projevila v chuti a dobr\u00e9 n\u00e1lad\u011b.V \u00favodn\u00edm utk\u00e1n\u00ed Libchavy nastoupili proti dom\u00e1c\u00edm a p\u0159es pomal\u00fd rozjezd jsme z\u00e1pas dovedli do radostn\u00e9ho konce.Ve druh\u00e9m utk\u00e1n\u00ed jsme si podali ruce s Chocn\u00ed a po n\u00e1znac\u00edch zmatku jsme polo\u010das prohr\u00e1vali 1:0. Na\u0161i hr\u00e1\u010di pak za\u010dali bojovat, b\u00fdt d\u016frazn\u011bj\u0161\u00ed\u00a0 a to se projevilo v hern\u00edm stylu a kone\u010dn\u00e9m v\u00fdsledku. Jednalo se o nejvyrovnan\u011bj\u0161\u00ed z\u00e1pas. V posledn\u00edm utk\u00e1n\u00ed jsme zasko\u010dili Litomy\u0161l a v\u00fdraznou hern\u00ed ,ale i v\u00fdsledkovou p\u0159evahou se zd\u00e1rn\u011b rozlou\u010dili s prvn\u00edm po pr\u00e1zdninov\u00fdm turnajem :-).<\/p>\n<p>Z\u00e1v\u011br: Velkou radost n\u00e1m ud\u011blala chu\u0165 hr\u00e1\u010d\u016f hr\u00e1t, chu\u0165 se postavit do branky,nav\u00e1z\u00e1n\u00ed na jarn\u00ed hern\u00ed sez\u00f3nu. V z\u00e1pasech byly zn\u00e1t individu\u00e1ln\u00ed pokroky hr\u00e1\u010d\u016f a osobn\u00ed posuny. Kladn\u011b hodnot\u00edm\u00a0 rozlo\u017een\u00ed vst\u0159elen\u00fdch branek mezi v\u011bt\u0161\u00ed po\u010det hr\u00e1\u010d\u016f. Samoz\u0159ejm\u011b , \u017ee je t\u0159eba se zam\u011b\u0159it na oblast startu na m\u00ed\u010d ,d\u016fraznost a v\u011bt\u0161\u00ed jistotu na balonu v\u010detn\u011b dodr\u017eov\u00e1n\u00ed rozestaven\u00ed ( ale &#8220;fotbalov\u00fd \u0161koln\u00ed rok&#8221; byl teprve zah\u00e1jen \ud83d\ude42 ).<\/p>\n<p>Z\u00e1pasy: Libchavy x Doln\u00ed \u00dajezd -12:4\u00a0\u00a0\u00a0\u00a0\u00a0 Libchavy x Choce\u0148 &#8211; 4:2\u00a0\u00a0\u00a0\u00a0 Libchavy x Litomy\u0161l &#8211; 11:3<\/p>\n<p>Branky : Simon V\u00edde\u0148sk\u00fd -8 , Jenda Kulhav\u00fd &#8211; 4 , Luk\u00e1\u0161 Du\u0161ek &#8211; 4, Kuba Kalous &#8211; 6, Patrik Vizv\u00e1ri -2\u00a0 Milda Pirkl &#8211; 2<\/p>\n<p>Tom\u00e1\u0161 Ol\u00e1h &#8211; 1<\/p>\n<p>Golmani : Luk\u00e1\u0161 Du\u0161ek, Kuba Kalous, Patrik Vizv\u00e1ri<\/p>\n<p>Dresy: Luk\u00e1\u0161 Du\u0161ek<\/p>\n<p>Tren\u00e9\u0159i: Robert Ol\u00e1h a Honza Du\u0161ek<\/p>\n<p>&nbsp;<\/p>\n","protected":false},"excerpt":{"rendered":"","protected":false},"author":33,"featured_media":0,"comment_status":"closed","ping_status":"closed","sticky":false,"template":"","format":"standard","meta":[],"categories":[1],"tags":[],"_links":{"self":[{"href":"http:\/\/www.folibchavy.cz\/_www_\/wordpress\/wp-json\/wp\/v2\/posts\/1919"}],"collection":[{"href":"http:\/\/www.folibchavy.cz\/_www_\/wordpress\/wp-json\/wp\/v2\/posts"}],"about":[{"href":"http:\/\/www.folibchavy.cz\/_www_\/wordpress\/wp-json\/wp\/v2\/types\/post"}],"author":[{"embeddable":true,"href":"http:\/\/www.folibchavy.cz\/_www_\/wordpress\/wp-json\/wp\/v2\/users\/33"}],"replies":[{"embeddable":true,"href":"http:\/\/www.folibchavy.cz\/_www_\/wordpress\/wp-json\/wp\/v2\/comments?post=1919"}],"version-history":[{"count":2,"href":"http:\/\/www.folibchavy.cz\/_www_\/wordpress\/wp-json\/wp\/v2\/posts\/1919\/revisions"}],"predecessor-version":[{"id":1921,"href":"http:\/\/www.folibchavy.cz\/_www_\/wordpress\/wp-json\/wp\/v2\/posts\/1919\/revisions\/1921"}],"wp:attachment":[{"href":"http:\/\/www.folibchavy.cz\/_www_\/wordpress\/wp-json\/wp\/v2\/media?parent=1919"}],"wp:term":[{"taxonomy":"category","embeddable":true,"href":"http:\/\/www.folibchavy.cz\/_www_\/wordpress\/wp-json\/wp\/v2\/categories?post=1919"},{"taxonomy":"post_tag","embeddable":true,"href":"http:\/\/www.folibchavy.cz\/_www_\/wordpress\/wp-json\/wp\/v2\/tags?post=1919"}],"curies":[{"name":"wp","href":"https:\/\/api.w.org\/{rel}","templated":true}]}}