{"id":1593,"date":"2017-07-24T07:18:24","date_gmt":"2017-07-24T05:18:24","guid":{"rendered":"http:\/\/www.folibchavy.cz\/_www_\/wordpress\/?p=1593"},"modified":"2017-07-24T12:43:58","modified_gmt":"2017-07-24T10:43:58","slug":"acko-v-patek-zahajilo-pripravu-na-novou-sezonu","status":"publish","type":"post","link":"http:\/\/www.folibchavy.cz\/_www_\/wordpress\/acko-v-patek-zahajilo-pripravu-na-novou-sezonu\/","title":{"rendered":"\u00c1\u010dko v p\u00e1tek zah\u00e1jilo p\u0159\u00edpravu na novou sezonu"},"content":{"rendered":"<p><span style=\"font-size: 14pt\">V r\u00e1mci p\u0159\u00e1telsk\u00fdch z\u00e1pas\u016f se Libchavy p\u0159edstav\u00ed dvakr\u00e1t na h\u0159i\u0161ti u Myslivny.<\/span><\/p>\n<p><!--more--><\/p>\n<p>Minul\u00fd p\u00e1tek se na\u0161i fotbalist\u00e9 se\u0161li k prvn\u00edmu tr\u00e9ninku. Tren\u00e9rovi se hl\u00e1silo t\u011bchto 9 fotbalist\u016f z k\u00e1dru A t\u00fdmu: Bo\u0161t\u00edk, Faltys, Kub\u00ed\u010dek, Pinkava, Rejent, \u0160alda, Urbanec, Zeman, \u017d\u00eddek, kter\u00e9 doplnilo trio dorostenc\u016f Musil, Velinsk\u00fd a \u0160rom.<\/p>\n<p>Dal\u0161\u00ed zm\u011bna v k\u00e1dru se ud\u00e1la v den \u00favodn\u00edho tr\u00e9ninku. Stabiln\u00ed \u010dlen sestavy Petr Va\u0148ous se rozhodl z osobn\u00edch d\u016fvod\u016f p\u0159eru\u0161it fotbalov\u00e9 \u00fa\u010dinkov\u00e1n\u00ed. P\u0159idal se tak ke ztr\u00e1t\u00e1m v sestav\u011b v podob\u011b Loudy a Lajzy.<\/p>\n<p>Dal\u0161\u00ed tr\u00e9nink maj\u00ed chlapci toto \u00fater\u00fd a ji\u017e od tohoto \u010dtvrtka maj\u00ed napl\u00e1novan\u00e9 soust\u0159ed\u011bn\u00ed v dom\u00e1c\u00edch podm\u00ednk\u00e1ch. V r\u00e1mci n\u011bho v sobotu od 17 hodin p\u0159iv\u00edtaj\u00ed na h\u0159i\u0161ti u Myslivny v p\u0159\u00e1telsk\u00e9m utk\u00e1n\u00ed t\u00fdm Kostelce B. Poprv\u00e9 tak m\u016f\u017eete tuto sezonu vid\u011bt fotbalisty Libchav na vlastn\u00ed o\u010di.<\/p>\n<p><em>P\u0159ehled p\u0159\u00e1telsk\u00fdch utk\u00e1n\u00ed p\u0159ed sezonou 2017\/18:<\/em><\/p>\n<table>\n<tbody>\n<tr>\n<td><strong>Datum<\/strong><\/td>\n<td><strong>Den<\/strong><\/td>\n<td><strong>V\u00fdkop<\/strong><\/td>\n<td><strong>Z\u00e1pas<\/strong><\/td>\n<td><strong>M\u00edsto<\/strong><\/td>\n<\/tr>\n<tr>\n<td>29.7.<\/td>\n<td>so<\/td>\n<td>14:30<\/td>\n<td>Libchavy &#8211; Kostelec n\/O B<\/td>\n<td>Myslivna<\/td>\n<\/tr>\n<tr>\n<td>2.8.<\/td>\n<td>st<\/td>\n<td>18:00<\/td>\n<td>Sruby &#8211; Libchavy<\/td>\n<td>Sruby<\/td>\n<\/tr>\n<tr>\n<td>5.8.<\/td>\n<td>so<\/td>\n<td>17:00<\/td>\n<td>Libchavy &#8211; Letohrad B<\/td>\n<td>Myslivna<\/td>\n<\/tr>\n<\/tbody>\n<\/table>\n","protected":false},"excerpt":{"rendered":"<p>V r\u00e1mci p\u0159\u00e1telsk\u00fdch z\u00e1pas\u016f se Libchavy p\u0159edstav\u00ed dvakr\u00e1t na h\u0159i\u0161ti u Myslivny.<\/p>\n","protected":false},"author":42,"featured_media":0,"comment_status":"closed","ping_status":"closed","sticky":false,"template":"","format":"standard","meta":[],"categories":[8],"tags":[27],"_links":{"self":[{"href":"http:\/\/www.folibchavy.cz\/_www_\/wordpress\/wp-json\/wp\/v2\/posts\/1593"}],"collection":[{"href":"http:\/\/www.folibchavy.cz\/_www_\/wordpress\/wp-json\/wp\/v2\/posts"}],"about":[{"href":"http:\/\/www.folibchavy.cz\/_www_\/wordpress\/wp-json\/wp\/v2\/types\/post"}],"author":[{"embeddable":true,"href":"http:\/\/www.folibchavy.cz\/_www_\/wordpress\/wp-json\/wp\/v2\/users\/42"}],"replies":[{"embeddable":true,"href":"http:\/\/www.folibchavy.cz\/_www_\/wordpress\/wp-json\/wp\/v2\/comments?post=1593"}],"version-history":[{"count":2,"href":"http:\/\/www.folibchavy.cz\/_www_\/wordpress\/wp-json\/wp\/v2\/posts\/1593\/revisions"}],"predecessor-version":[{"id":1595,"href":"http:\/\/www.folibchavy.cz\/_www_\/wordpress\/wp-json\/wp\/v2\/posts\/1593\/revisions\/1595"}],"wp:attachment":[{"href":"http:\/\/www.folibchavy.cz\/_www_\/wordpress\/wp-json\/wp\/v2\/media?parent=1593"}],"wp:term":[{"taxonomy":"category","embeddable":true,"href":"http:\/\/www.folibchavy.cz\/_www_\/wordpress\/wp-json\/wp\/v2\/categories?post=1593"},{"taxonomy":"post_tag","embeddable":true,"href":"http:\/\/www.folibchavy.cz\/_www_\/wordpress\/wp-json\/wp\/v2\/tags?post=1593"}],"curies":[{"name":"wp","href":"https:\/\/api.w.org\/{rel}","templated":true}]}}