{"id":1589,"date":"2017-07-01T11:29:52","date_gmt":"2017-07-01T09:29:52","guid":{"rendered":"http:\/\/www.folibchavy.cz\/_www_\/wordpress\/?p=1589"},"modified":"2017-07-01T11:29:52","modified_gmt":"2017-07-01T09:29:52","slug":"acko-zna-plan-pripravy","status":"publish","type":"post","link":"http:\/\/www.folibchavy.cz\/_www_\/wordpress\/acko-zna-plan-pripravy\/","title":{"rendered":"\u00c1\u010dko zn\u00e1 pl\u00e1n p\u0159\u00edpravy"},"content":{"rendered":"<p><!--more--><\/p>\n<p>N\u00e1\u0161 t\u00fdm A mu\u017e\u016f zah\u00e1j\u00ed p\u0159\u00edpravu za t\u0159i t\u00fddny prvn\u00edm tr\u00e9ninkem v p\u00e1tek 21. \u010dervence.<\/p>\n<p><em>P\u00e1r slov tren\u00e9ra k p\u0159\u00edprav\u011b:<\/em><\/p>\n<p>P\u0159\u00edpravn\u00e9 obdob\u00ed jsme si napl\u00e1novali v\u00fdlu\u010dn\u011b v dom\u00e1c\u00edch podm\u00ednk\u00e1ch, v\u010detn\u011b kr\u00e1tk\u00e9ho &#8220;minisoust\u0159ed\u011bn\u00ed&#8221;, kde bych r\u00e1d vyu\u017eil v\u011bt\u0161\u00edho tr\u00e9ninkov\u00e9ho zat\u00ed\u017een\u00ed, a\u0165 u\u017e k zam\u011b\u0159en\u00ed na fyzickou p\u0159\u00edpravu, tak na hru samotnou. Pochopiteln\u011b z m\u00e9ho pohledu budeme ve\u0161ker\u00e9 tr\u00e9ninky\u00a0tr\u00e1vit na h\u0159i\u0161ti s balonem. P\u0159\u00e1telsk\u00e9 z\u00e1pasy jsme napl\u00e1novali v\u0161echny na h\u0159i\u0161t\u011b soupe\u0159\u016f, abychom mohli v\u00edce pracovat na odstran\u011bn\u00ed nedostatk\u016f, kter\u00e9 n\u00e1m venkovn\u00ed z\u00e1pasy p\u0159in\u00e1\u0161ej\u00ed.<\/p>\n<p>Do p\u0159\u00edpravy samotn\u00e9 chci zapojit n\u011bkolik dorostenc\u016f, oslovil jsem jich p\u011bt, u nich\u017e jsem p\u0159esv\u011bd\u010den o jejich kvalit\u011b. T\u0159i mi svoji \u00fa\u010dast ji\u017e p\u0159isl\u00edbili, velmi se t\u011b\u0161\u00edm, jak zapadnou do t\u00fdmu.<\/p>\n<p><em>P\u0159ehled p\u0159\u00edpravn\u00fdch z\u00e1pas\u016f:<\/em><\/p>\n<table>\n<tbody>\n<tr>\n<td><strong>Datum<\/strong><\/td>\n<td><strong>Den<\/strong><\/td>\n<td><strong>V\u00fdkop<\/strong><\/td>\n<td><strong>Z\u00e1pas<\/strong><\/td>\n<\/tr>\n<tr>\n<td>29.7.<\/td>\n<td>sobota<\/td>\n<td>14:00<\/td>\n<td>Kl\u00e1\u0161terec nad Orlic\u00ed &#8211; Libchavy<\/td>\n<\/tr>\n<tr>\n<td>2.8.<\/td>\n<td>st\u0159eda<\/td>\n<td>18:00<\/td>\n<td>Sruby &#8211; Libchavy<\/td>\n<\/tr>\n<tr>\n<td>6.8.<\/td>\n<td>ned\u011ble<\/td>\n<td>17:00<\/td>\n<td>Letohrad B &#8211; Libchavy<\/td>\n<\/tr>\n<\/tbody>\n<\/table>\n<p><em>Zm\u011bny v k\u00e1dru:<\/em><\/p>\n<p>Po posledn\u00edm utk\u00e1n\u00ed minul\u00e9 sezony ozn\u00e1mil konec Vojta Louda, v\u011b\u0159\u00edme v\u0161ak, \u017ee jeho rozhodnut\u00ed nebude definitivn\u00ed. Z na\u0161eho t\u00fdmu zp\u011bt do Brand\u00fdsa nad Orlic\u00ed ode\u0161el Tom\u00e1\u0161 Lajza.<\/p>\n<p>Naopak od \u00favodu p\u0159\u00edpravy se ji\u017e do tr\u00e9ninku zapoj\u00ed Vojta Kub\u00ed\u010dek, kter\u00fd v na\u0161em dresu ji\u017e p\u016fsobil. Ten p\u0159ich\u00e1z\u00ed na p\u0159estup z Doln\u00ed Dobrou\u010de.<\/p>\n<p>&nbsp;<\/p>\n","protected":false},"excerpt":{"rendered":"","protected":false},"author":42,"featured_media":0,"comment_status":"closed","ping_status":"closed","sticky":false,"template":"","format":"standard","meta":[],"categories":[8],"tags":[27],"_links":{"self":[{"href":"http:\/\/www.folibchavy.cz\/_www_\/wordpress\/wp-json\/wp\/v2\/posts\/1589"}],"collection":[{"href":"http:\/\/www.folibchavy.cz\/_www_\/wordpress\/wp-json\/wp\/v2\/posts"}],"about":[{"href":"http:\/\/www.folibchavy.cz\/_www_\/wordpress\/wp-json\/wp\/v2\/types\/post"}],"author":[{"embeddable":true,"href":"http:\/\/www.folibchavy.cz\/_www_\/wordpress\/wp-json\/wp\/v2\/users\/42"}],"replies":[{"embeddable":true,"href":"http:\/\/www.folibchavy.cz\/_www_\/wordpress\/wp-json\/wp\/v2\/comments?post=1589"}],"version-history":[{"count":1,"href":"http:\/\/www.folibchavy.cz\/_www_\/wordpress\/wp-json\/wp\/v2\/posts\/1589\/revisions"}],"predecessor-version":[{"id":1590,"href":"http:\/\/www.folibchavy.cz\/_www_\/wordpress\/wp-json\/wp\/v2\/posts\/1589\/revisions\/1590"}],"wp:attachment":[{"href":"http:\/\/www.folibchavy.cz\/_www_\/wordpress\/wp-json\/wp\/v2\/media?parent=1589"}],"wp:term":[{"taxonomy":"category","embeddable":true,"href":"http:\/\/www.folibchavy.cz\/_www_\/wordpress\/wp-json\/wp\/v2\/categories?post=1589"},{"taxonomy":"post_tag","embeddable":true,"href":"http:\/\/www.folibchavy.cz\/_www_\/wordpress\/wp-json\/wp\/v2\/tags?post=1589"}],"curies":[{"name":"wp","href":"https:\/\/api.w.org\/{rel}","templated":true}]}}