{"id":1505,"date":"2017-06-03T22:52:58","date_gmt":"2017-06-03T20:52:58","guid":{"rendered":"http:\/\/www.folibchavy.cz\/_www_\/wordpress\/?p=1505"},"modified":"2017-06-03T22:57:22","modified_gmt":"2017-06-03T20:57:22","slug":"posledni-kolo-jarni-sezony-okresni-souteze-pro-mladsi-pripravku-c-nas-cekalo-pred-domacim-publikem-3-6-2017-libchavy","status":"publish","type":"post","link":"http:\/\/www.folibchavy.cz\/_www_\/wordpress\/posledni-kolo-jarni-sezony-okresni-souteze-pro-mladsi-pripravku-c-nas-cekalo-pred-domacim-publikem-3-6-2017-libchavy\/","title":{"rendered":"Posledn\u00ed kolo jarn\u00ed sez\u00f3ny okresn\u00ed sout\u011b\u017ee pro mlad\u0161\u00ed p\u0159\u00edpravku \u201eC\u201c n\u00e1s \u010dekalo p\u0159ed dom\u00e1c\u00edm publikem \u2013 3.6.2017, Libchavy"},"content":{"rendered":"<p><!--more--><\/p>\n<p>V\u00a0sobotu 3.6. 2017 jsme se m\u011bli na dom\u00e1c\u00edm h\u0159i\u0161ti v\u00a0Libchav\u00e1ch posledn\u00ed mo\u017enost uk\u00e1zat, jak\u00e9 kvality a um je v\u00a0kluc\u00edch mlad\u0161\u00ed p\u0159\u00edpravky \u201eC\u201c (ro\u010dn\u00edk 2010). Mo\u017en\u00e1 o to t\u011b\u017e\u0161\u00ed to bylo\u2026., ale sp\u00ed\u0161 si ten tlak uv\u011bdomovali tren\u00e9\u0159i a rodi\u010de, ne\u017e d\u011bti samotn\u00e9. Ty p\u0159istupuj\u00ed ke v\u0161em turnaj\u016fm a z\u00e1pas\u016fm stejn\u011b \u2013 zodpov\u011bdn\u011b a s\u00a0nasazen\u00edm\u2026.ale je pravda, \u017ee sezona to pro n\u011b byla dlouh\u00e1 a n\u00e1ro\u010dn\u00e1, t\u00edm, \u017ee se ne\u00fa\u010dastnili jenom okresn\u00ed sout\u011b\u017ee, ale jezdili i v\u00a0zim\u011b na velk\u00e9 halov\u00e9 turnaje, kter\u00e9 je skv\u011ble, p\u0159edev\u0161\u00edm fyzicky, p\u0159ipravily na jaro, odehr\u00e1li velk\u00e9 mno\u017estv\u00ed z\u00e1pas\u016f.<\/p>\n<p>Dnes je tedy \u010dekalo velk\u00e9 zakon\u010den\u00ed jedn\u00e9 vele\u00fasp\u011b\u0161n\u00e9 sez\u00f3ny \u2013 mo\u017en\u00e1 nej\u00fasp\u011b\u0161n\u011bj\u0161\u00ed sez\u00f3ny ml\u00e1de\u017enick\u00e9ho fotbalu za dlouhou dobu libchavsk\u00e9ho fotbalu.<\/p>\n<p>Op\u011bt je \u010dekaly 3 z\u00e1pasy, v\u017edy 2x 15 minut a v\u011bd\u011bli jsme, \u017ee ani jeden z\u00a0nich nebude jednoduch\u00fd. Ve v\u0161ech t\u00fdmech, kter\u00e9 k\u00a0n\u00e1m p\u0159ijely, byli kluci o mnoho vy\u0161\u0161\u00ed, ne\u017e ti na\u0161i. Ale jak u\u017e jsme se mnohokr\u00e1t p\u0159esv\u011bd\u010dili, o v\u00fd\u0161ce hr\u00e1\u010d\u016f to opravdu nen\u00ed \ud83d\ude42 A nebylo\u2026. Ale postupn\u011b\u2026.<\/p>\n<p>Prvn\u00ed rann\u00ed z\u00e1pas byl proti kluk\u016fm z\u00a0N\u011bm\u010dic a jak v\u00edme, \u017ee se n\u00e1m obvykle prvn\u00ed z\u00e1pasy neda\u0159\u00ed, \u017ee kluci jsou je\u0161t\u011b rozespal\u00ed, tak to, co jsme vid\u011bli v\u00a0prvn\u00edm polo\u010dase, jsme u\u017e opravdu dlouho nevid\u011bli \ud83d\ude42 Vypadalo to, jako kdy\u017e hod\u00edte klubko my\u0161\u00ed do mix\u00e9ru a p\u0159ihod\u00edte jim tam bal\u00f3n \u2013 to\u010dili se, motali, zakop\u00e1vali jeden o druh\u00e9ho, padali bez ciz\u00edho zavin\u011bn\u00ed, nemohli po\u0159\u00e1dn\u011b trefit bal\u00f3n\u2026. Prost\u011b b\u00edda a utrpen\u00ed. Ale kluci vydr\u017eeli, nezabalili to a postupn\u011b se probouzeli\u2026. I st\u0159elecky\u2026 a nejl\u00e9pe se probudil David a p\u0159idal se k\u00a0n\u011bmu je\u0161t\u011b Mat\u011bj, ale i ostatn\u00ed p\u0159idali sv\u016fj um \u201edo ml\u00fdna\u201c a nakonec soupe\u0159e p\u0159ehr\u00e1li 5:2, ale bylo to opravdu hodn\u011b ubojovan\u00e9 a tvrd\u00e9. U\u017e jsme je vid\u011bli mnohokr\u00e1t hr\u00e1t l\u00e9pe\u2026. Ale v\u00edt\u011bzstv\u00ed z\u00a0toho bylo a historie se obvykle nept\u00e1 na pr\u016fb\u011bh, ale na v\u00fdsledek.<\/p>\n<p>Druh\u00fd z\u00e1pas proti Lukov\u00e9 u\u017e byl o pozn\u00e1n\u00ed lep\u0161\u00ed, kluci za\u010dali l\u00e9pe kombinovat a p\u0159esn\u011bji st\u0159\u00edlet, nedovolili tolik prostoru soupe\u0159i, tla\u010dili to dop\u0159edu\u2026.vid\u011bli jsme p\u00e1r kr\u00e1sn\u00fdch nahr\u00e1vek, tvrd\u00fdch st\u0159el i dobr\u00fdch obrann\u00fdch a brank\u00e1\u0159sk\u00fdch z\u00e1krok\u016f. Kluci nakonec soupe\u0159e p\u0159ehr\u00e1li pom\u011brem 7:1, kdy\u017e si 4 g\u00f3ly dal David a 3 Petr.<\/p>\n<p>A \u010dekal n\u00e1s posledn\u00ed z\u00e1pas \u2013 nejenom v\u00a0turnaji, ale i v\u00a0sez\u00f3n\u011b \u2013 a byl proti \u017damberku. Kluci neza\u010dali v\u016fbec \u0161patn\u011b, ale bylo teplo, \u00fanava se za\u010dala projevovat, a to nejenom z\u00a0toho dne, ale mo\u017en\u00e1 i z\u00a0cel\u00e9 sez\u00f3ny\u2026.. Ale na\u0161t\u011bst\u00ed to p\u0159i\u0161lo i na soupe\u0159e, kter\u00fd se v\u00a0prvn\u00edm polo\u010dase k\u00a0ni\u010demu z\u00e1sadn\u00edmu nedostal a na\u0161im se da\u0159ilo, g\u00f3ly dali Petr, Mat\u011bj i David, kr\u00e1sn\u00fd p\u0159idala z\u00a0p\u0159\u00edm\u00e9ho kopu tak\u00e9 Mark\u00e9tka, ve druh\u00e9m polo\u010dasu jsme ale nechali soupe\u0159e v\u00edce hr\u00e1t, trochu jsme polevili, kluci ze \u017damberka byli r\u00e1zem rychlej\u0161\u00ed, dostali se i do zakon\u010den\u00ed a za\u010dali sk\u00f3re stahovat, ale to se jim nepoda\u0159ilo, n\u00e1\u0161 n\u00e1skok byl dostate\u010dn\u00fd a posledn\u00ed \u201ekapku\u201c k\u00a0v\u00edt\u011bzn\u00e9mu z\u00e1v\u011bru p\u0159idal Kuba, kter\u00fd upravil sk\u00f3re na kone\u010dn\u00fdch 9:4 z\u00a0pohledu dom\u00e1c\u00edch, tedy n\u00e1s.<\/p>\n<p><strong>Tak\u017ee \u2013 J\u00d3\u00d3\u00d3<\/strong>, poda\u0159ilo se n\u00e1m zv\u00edt\u011bzit na dom\u00e1c\u00ed p\u016fd\u011b, v\u00a0posledn\u00edm turnaji sez\u00f3ny a potvrdit tak na\u0161e kvality. Kdy\u017e se neda\u0159ilo st\u0159elecky, nebo hern\u011b, fotbalov\u00e1 srd\u00ed\u010dka kluk\u016f to dohnala, jejich tlak a touha po v\u00edt\u011bzstv\u00ed prost\u011b byla v\u017edycky v\u011bt\u0161\u00ed, ne\u017e u soupe\u0159e.<\/p>\n<p><strong>Kone\u010dn\u00e9 po\u0159ad\u00ed: <\/strong><\/p>\n<ol>\n<li>TJ Sokol Libchay<\/li>\n<li>Lukov\u00e1<\/li>\n<li>\u017damberk<\/li>\n<li>N\u011bm\u010dice<\/li>\n<\/ol>\n<p>Po dne\u0161n\u00edm odehran\u00e9m turnaji se kluci spole\u010dn\u011b s\u00a0rodi\u010di a tren\u00e9ry p\u0159esunuli v\u00a0Lichav\u00e1ch k\u00a0hasi\u010dsk\u00e9 zbrojnici, kde prob\u00edhal D\u011btsk\u00fd den a kam si na\u0161e mu\u017estvo pozvala starostka obce, Jana Hodovalov\u00e1, aby jim ofici\u00e1ln\u011b pod\u011bkovala za skv\u011blou reprezentaci obce Libchavy na republikov\u00fdch turnaj\u00edch.<\/p>\n<p>A nutno dodat n\u011bco m\u00e1lo ze statistiky \u2013 kluci od listopadu 2016 prohr\u00e1li pouze 2 z\u00e1pasy, jeden na turnaji v\u00a0\u010cesk\u00e9m Dubu proti Bohemians 1905 \u2013 2:3 a jeden v\u00a0r\u00e1mci Okresn\u00ed sout\u011b\u017ee, proti \u0158etov\u00e9 \u2013 1:3, v\u0161echny ostatn\u00ed z\u00e1pasy dok\u00e1zali na\u0161i mal\u00ed borci zv\u00edt\u011bzit, nebo remizovat. Neuv\u011b\u0159iteln\u00fd v\u00fdsledek, pro n\u00e1s, jako rodi\u010de, kr\u00e1sn\u00e9 z\u00e1\u017eitky pln\u00e9 radosti, hrdosti a \u0161t\u011bst\u00ed.<\/p>\n<p><span style=\"text-decoration: underline\"><strong>Co napsat z\u00e1v\u011brem?<\/strong><\/span><\/p>\n<p><strong>D\u011bkujeme v\u0161em hr\u00e1\u010d\u016fm<\/strong> \u2013 Mark\u00e9tce, Davidovi, Petrovi, Kubovi, Mat\u011bjovi, Matou\u0161ovi, Honzovi, \u0160t\u011bp\u00e1novi, Denisovi i Dandovi, za p\u0159edveden\u00e9 v\u00fdkony v\u00a0pr\u016fb\u011bhu cel\u00e9 sez\u00f3ny\u2026, ne v\u017edy se da\u0159ilo v\u0161em, ale od toho je to t\u00fdmov\u00fd sport, aby to dot\u00e1hli t\u00fdmov\u011b \u2013 a to oni dot\u00e1hli \ud83d\ude42<\/p>\n<p><strong>D\u011bkujeme za tren\u00e9rsk\u00e9 veden\u00ed<\/strong> \u2013 Romanovi, Petrovi i B\u0159\u00e9\u0165ovi<\/p>\n<p><strong>D\u011bkujeme rodi\u010d\u016fm<\/strong> \u2013 za podporu, financov\u00e1n\u00ed, nad\u0161en\u00ed a kr\u00e1sn\u00e9 povzbuzov\u00e1n\u00ed p\u0159i v\u0161ech odehran\u00fdch turnaj\u00edch a z\u00e1pasech \u2013 FAN CLUB Libchav byl standardn\u011b nejlep\u0161\u00ed a nejhlasit\u011bj\u0161\u00ed na v\u0161ech akc\u00edch\u2026.<\/p>\n<p>P\u0159ejeme v\u0161em kr\u00e1sn\u00e9 fotbalov\u00e9 pr\u00e1zdniny pln\u00e9 odpo\u010dinku a \u010derp\u00e1n\u00ed sil a ji\u017e nyn\u00ed se t\u011b\u0161\u00edme na novou sez\u00f3nu plni o\u010dek\u00e1v\u00e1n\u00ed, co n\u00e1m p\u0159inese\u2026.<\/p>\n<p>Fotky z\u00a0dne\u0161n\u00edho turnaje si m\u016f\u017eete prohl\u00e9dnout <strong><a href=\"http:\/\/libchavy.rajce.idnes.cz\/Mladsi_pripravka_C_-_Libchavy_3.6.2017\/\">ZDE.<\/a><\/strong><\/p>\n<p>Pod\u011bkov\u00e1n\u00ed starostky obce, Jany Hodovalov\u00e9, na\u0161im mal\u00fdm fotbalist\u016fm, si m\u016f\u017eete prohl\u00e9dnout <strong><a href=\"http:\/\/libchavy.rajce.idnes.cz\/Mladsi_pripravka_C_-_Libchavy_3.6.2017\/\">ZDE.<\/a><\/strong><\/p>\n<p><strong>Zapsala:<\/strong> Zita Kr\u010d\u00e1lov\u00e1<\/p>\n<p><strong>Dresy perou<\/strong>: \u017d\u010f\u00e1r\u0161t\u00ed<\/p>\n","protected":false},"excerpt":{"rendered":"","protected":false},"author":39,"featured_media":0,"comment_status":"closed","ping_status":"closed","sticky":false,"template":"","format":"standard","meta":[],"categories":[23],"tags":[4],"_links":{"self":[{"href":"http:\/\/www.folibchavy.cz\/_www_\/wordpress\/wp-json\/wp\/v2\/posts\/1505"}],"collection":[{"href":"http:\/\/www.folibchavy.cz\/_www_\/wordpress\/wp-json\/wp\/v2\/posts"}],"about":[{"href":"http:\/\/www.folibchavy.cz\/_www_\/wordpress\/wp-json\/wp\/v2\/types\/post"}],"author":[{"embeddable":true,"href":"http:\/\/www.folibchavy.cz\/_www_\/wordpress\/wp-json\/wp\/v2\/users\/39"}],"replies":[{"embeddable":true,"href":"http:\/\/www.folibchavy.cz\/_www_\/wordpress\/wp-json\/wp\/v2\/comments?post=1505"}],"version-history":[{"count":4,"href":"http:\/\/www.folibchavy.cz\/_www_\/wordpress\/wp-json\/wp\/v2\/posts\/1505\/revisions"}],"predecessor-version":[{"id":1509,"href":"http:\/\/www.folibchavy.cz\/_www_\/wordpress\/wp-json\/wp\/v2\/posts\/1505\/revisions\/1509"}],"wp:attachment":[{"href":"http:\/\/www.folibchavy.cz\/_www_\/wordpress\/wp-json\/wp\/v2\/media?parent=1505"}],"wp:term":[{"taxonomy":"category","embeddable":true,"href":"http:\/\/www.folibchavy.cz\/_www_\/wordpress\/wp-json\/wp\/v2\/categories?post=1505"},{"taxonomy":"post_tag","embeddable":true,"href":"http:\/\/www.folibchavy.cz\/_www_\/wordpress\/wp-json\/wp\/v2\/tags?post=1505"}],"curies":[{"name":"wp","href":"https:\/\/api.w.org\/{rel}","templated":true}]}}