{"id":1438,"date":"2017-05-22T16:12:57","date_gmt":"2017-05-22T14:12:57","guid":{"rendered":"http:\/\/www.folibchavy.cz\/_www_\/wordpress\/?p=1438"},"modified":"2017-05-22T20:43:48","modified_gmt":"2017-05-22T18:43:48","slug":"acko-si-poradilo-s-kuncinou","status":"publish","type":"post","link":"http:\/\/www.folibchavy.cz\/_www_\/wordpress\/acko-si-poradilo-s-kuncinou\/","title":{"rendered":"\u00c1\u010dko si poradilo s Kun\u010dinou"},"content":{"rendered":"<p><span style=\"font-size: 14pt\">Libchavy &#8211; Kun\u010dina \u00a0 \u00a0 5 : 2 \u00a0 (3:1)<\/span><\/p>\n<p><span style=\"font-size: 8pt\">Aktualizov\u00e1no o hodnocen\u00ed tren\u00e9ra&#8230;<\/span><\/p>\n<p><!--more--><\/p>\n<p>Branky: 16. a 71. Pavl\u00e1k, 36. \u010euri\u0161, 41. Martinec, 83. Bo\u0161t\u00edk &#8211; 21. Zeman, 61. Tlusto\u0161<\/p>\n<p>\u017dK: Louda &#8211; Brychta<\/p>\n<p>Rozhod\u010d\u00ed: Sita &#8211; Kraj\u010di, Hejl<\/p>\n<p><em>Sestava Libchav:<\/em><\/p>\n<p>Kollert &#8211; Rejent, Va\u0148ous, Faltys (59.\u0160alda), Louda &#8211; \u010euri\u0161, Paukert (75.\u017d\u00eddek), Urbanec &#8211; Martinec (59.Hodr), R\u00e1b (56.Bo\u0161t\u00edk), Pavl\u00e1k (80.Luke\u0161)<\/p>\n<p><em>Hodnocen\u00ed\u00a0tren\u00e9ra:<\/em><\/p>\n<p>Z\u00e1pas se soupe\u0159em, kter\u00fd se prezentoval, \u017ee rok neprohr\u00e1l, se mi hodnot\u00ed v\u00edce ne\u017e dob\u0159e. A\u010dkoli jsme na za\u010d\u00e1tku jara kluk\u016fm v \u0161atn\u011b \u0159\u00edkal, \u017ee pr\u00e1v\u011b tuto \u010d\u00e1st sezony bereme jako odrazov\u00fd m\u016fstek pro zm\u011bnu toho, co chceme p\u0159edv\u00e1d\u011bt. Po m\u00e9m zimn\u00edm p\u0159\u00edchodu jsme m\u011bnili rozestaven\u00ed, ka\u017ed\u00fd t\u00fdden k tomu d\u00e1v\u00e1me n\u011bco nov\u00e9ho z taktiky. I p\u0159es to byl z\u00e1pas s Kun\u010dinou, aspo\u0148 pro n\u00e1s, takov\u00fdm z\u00e1pasem jara. Motivace byla c\u00edtit u\u017e na tr\u00e9ninc\u00edch v t\u00fddnu p\u0159ed z\u00e1pasem. Z\u00e1pas sledoval na ja\u0159e rekordn\u00ed po\u010det div\u00e1k\u016f, kdy s hostuj\u00edc\u00edm t\u00fdmem dorazilo n\u011bkolik fanou\u0161k\u016f, kte\u0159\u00ed dodali utk\u00e1n\u00ed jistou fotbalovou atmosf\u00e9ru.<\/p>\n<p>Do utk\u00e1n\u00ed jsme vstoupili s jasn\u00fdm taktick\u00fdm z\u00e1m\u011brem, kdy jsme cht\u011bli vy\u0159adit jejich n\u011bkter\u00e9 hr\u00e1\u010de z rozehr\u00e1vky. Po m\u00edrn\u00e9m hled\u00e1n\u00ed spr\u00e1vn\u00fdch \u010d\u00edsel se n\u00e1m to po zbytek z\u00e1pasu poda\u0159ilo. M\u00e9 mu\u017estvo od za\u010d\u00e1tku bojovalo, necht\u011blo prohr\u00e1t jedin\u00fd souboj, do v\u0161eho \u0161li chlapci s pln\u00fdm nasazen\u00edm.<\/p>\n<p>Za z\u00e1pas jsme vyrobili dv\u011b taktick\u00e9 chyby, kter\u00e9 soupe\u0159 zvl\u00e1dl potrestat. My na nich m\u016f\u017eeme pracovat, ale na t\u00e9to \u00farovni to nebude nikdy bezchybn\u00e9.<\/p>\n<p>V pr\u016fb\u011bhu druh\u00e9 p\u016fle jsem cht\u011bl prost\u0159\u00edd\u00e1n\u00edm na\u0161e veden\u00ed je\u0161t\u011b nav\u00fd\u0161it. Moje tren\u00e9rsk\u00e1 filozofie asi nikdy nebude takov\u00e1, abychom v\u00fdsledek jenom ubr\u00e1nili, ale abychom dali je\u0161t\u011b v\u00edce branek. Nov\u011b p\u0159\u00edchoz\u00ed hr\u00e1\u010di do na\u0161\u00ed hry vnesli p\u0159esn\u011b to, co jsem \u010dekal. \u010cerstv\u00e9 s\u00edly a mo\u017en\u00e1 je\u0161t\u011b v\u00edce rychlosti. Debutov\u011b si za \u00e1\u010dko zahr\u00e1l M\u00ed\u0161a Luke\u0161, kter\u00fd mohl sv\u00fdm prvn\u00edm dotykem na h\u0159i\u0161ti hned vs\u00edtit branku, proti byl v\u0161ak brank\u00e1\u0159 Kun\u010diny.<\/p>\n<p>Ten hosty podr\u017eel hned n\u011bkolikr\u00e1t, n\u00e1\u0161 n\u00e1skok mohl b\u00fdt je\u0161t\u011b v\u011bt\u0161\u00ed, na zakon\u010den\u00ed mus\u00edme d\u00e1le pracovat.<\/p>\n<p>Vskutku nerad chv\u00e1l\u00edm jednotliv\u00e9 hr\u00e1\u010de, po tomto z\u00e1pase v\u0161ak mus\u00edm ud\u011blat v\u00fdjimku a pochv\u00e1lit ka\u017ed\u00e9ho z hr\u00e1\u010d\u016f na h\u0159i\u0161ti, jak charaktern\u00ed v\u00fdkon p\u0159edvedli. Nastaven\u00e1 la\u0165ka dom\u00e1c\u00edch z\u00e1pas\u016f st\u00e1le stoup\u00e1. Osobn\u011b douf\u00e1m, \u017ee n\u00e1\u0161 fotbal libchavsk\u00e9 p\u0159\u00edznivce bav\u00ed.<\/p>\n<p>&nbsp;<\/p>\n<p>&nbsp;<\/p>\n","protected":false},"excerpt":{"rendered":"<p>Libchavy &#8211; Kun\u010dina \u00a0 \u00a0 5 : 2 \u00a0 (3:1) Aktualizov\u00e1no o hodnocen\u00ed tren\u00e9ra&#8230;<\/p>\n","protected":false},"author":42,"featured_media":0,"comment_status":"closed","ping_status":"closed","sticky":false,"template":"","format":"standard","meta":[],"categories":[8],"tags":[27],"_links":{"self":[{"href":"http:\/\/www.folibchavy.cz\/_www_\/wordpress\/wp-json\/wp\/v2\/posts\/1438"}],"collection":[{"href":"http:\/\/www.folibchavy.cz\/_www_\/wordpress\/wp-json\/wp\/v2\/posts"}],"about":[{"href":"http:\/\/www.folibchavy.cz\/_www_\/wordpress\/wp-json\/wp\/v2\/types\/post"}],"author":[{"embeddable":true,"href":"http:\/\/www.folibchavy.cz\/_www_\/wordpress\/wp-json\/wp\/v2\/users\/42"}],"replies":[{"embeddable":true,"href":"http:\/\/www.folibchavy.cz\/_www_\/wordpress\/wp-json\/wp\/v2\/comments?post=1438"}],"version-history":[{"count":3,"href":"http:\/\/www.folibchavy.cz\/_www_\/wordpress\/wp-json\/wp\/v2\/posts\/1438\/revisions"}],"predecessor-version":[{"id":1454,"href":"http:\/\/www.folibchavy.cz\/_www_\/wordpress\/wp-json\/wp\/v2\/posts\/1438\/revisions\/1454"}],"wp:attachment":[{"href":"http:\/\/www.folibchavy.cz\/_www_\/wordpress\/wp-json\/wp\/v2\/media?parent=1438"}],"wp:term":[{"taxonomy":"category","embeddable":true,"href":"http:\/\/www.folibchavy.cz\/_www_\/wordpress\/wp-json\/wp\/v2\/categories?post=1438"},{"taxonomy":"post_tag","embeddable":true,"href":"http:\/\/www.folibchavy.cz\/_www_\/wordpress\/wp-json\/wp\/v2\/tags?post=1438"}],"curies":[{"name":"wp","href":"https:\/\/api.w.org\/{rel}","templated":true}]}}