{"id":1427,"date":"2017-05-21T15:33:42","date_gmt":"2017-05-21T13:33:42","guid":{"rendered":"http:\/\/www.folibchavy.cz\/_www_\/wordpress\/?p=1427"},"modified":"2017-05-22T16:40:09","modified_gmt":"2017-05-22T14:40:09","slug":"krajska-soutez-ne-14-5-libchavy","status":"publish","type":"post","link":"http:\/\/www.folibchavy.cz\/_www_\/wordpress\/krajska-soutez-ne-14-5-libchavy\/","title":{"rendered":"Krajsk\u00e1 sout\u011b\u017e, ne 14.5. Libchavy"},"content":{"rendered":"<p><!--more--><\/p>\n<p><b>Libchavy-P\u0159elou\u010d 7:10 (3:6)<br \/>\n<\/b>P\u0159ed z\u00e1pasem jsem d\u011bti varoval p\u0159ed dlouh\u00fdmi v\u00fdhozy brank\u00e1\u0159e, bohu\u017eel marn\u011b. V kombinaci s rann\u00ed mal\u00e1tnost\u00ed jsme nem\u011bli \u0161anci na \u00fasp\u011bch.<br \/>\nG\u00f3ly: Patrik 3x, Honza D. 2x, Simon, Prov\u00e1zek<\/p>\n<p><b>Libchavy- Doln\u00ed \u00dajezd 6:3 (3:3)<br \/>\n<\/b>Do druh\u00e9ho z\u00e1pasu jsme vstoupili podobn\u011b jako do prvn\u00edho a brzy prohr\u00e1vali. Postupn\u011b jsme se v\u0161ak za\u010dali zlep\u0161ovat a sk\u00f3re strhli na svou stranu.<br \/>\nG\u00f3ly: Honza D. 2x, Adam, Luk\u00e1\u0161, Simon, Patrik<br \/>\n<b><br \/>\nLibchavy-Poli\u010dka 7:8 (2:6)<br \/>\n<\/b>Podle m\u011b nejlep\u0161\u00ed soupe\u0159 na turnaji, diktoval tempo hry, byl mnohem lep\u0161\u00ed v kombinaci a brzy si vytvo\u0159il pohodln\u00fd n\u00e1skok. Ke cti na\u0161im je, \u017ee jsme z\u00e1pas nezabalili a dok\u00e1zali st\u00e1hnout na rozd\u00edl jedin\u00e9ho g\u00f3lu.<br \/>\nG\u00f3ly: Honza D. 3x, Patrik, Adam, Simon, Kuba<\/p>\n<p>Z\u00e1v\u011brem: Uk\u00e1zalo se, \u017ee se mus\u00ed um\u011bt i prohr\u00e1t, n\u011bkte\u0159\u00ed to neunesli. Jsem r\u00e1d, \u017ee jsme dostali &#8220;facku&#8221; , snad si uv\u011bdom\u00edme, \u017ee bez bojovnosti to nep\u016fjde. Ud\u011blali jsme velk\u00e9 mno\u017estv\u00ed chyb v obran\u011b, \u010dasto na na\u0161e brank\u00e1\u0159e chodili hr\u00e1\u010di soupe\u0159e sami a takto vyhr\u00e1vat nejde. Pozitivn\u00edm jevem je za\u010dlen\u011bn\u00ed hr\u00e1\u010d\u016f ro\u010d. 2009, kte\u0159\u00ed rozhodn\u011b nezklamali. Zejm\u00e9na Patrik hr\u00e1l skv\u011ble.<\/p>\n<p>Hr\u00e1\u010di: Jolanka P\u00e1vkov\u00e1, Adam Kr\u010dm\u00e1\u0159, Honza Provazn\u00edk, Honza Dost\u00e1l, Kuba Kalous, Simon V\u00eddensk\u00fd, Luk\u00e1\u0161 Holub, Tom\u00e1\u0161 Ol\u00e1h, Patrik Vizv\u00e1ri<br \/>\nDresy pere: Simon<br \/>\nTren\u00e9r a refer\u00e1t: David Fi\u0161er<\/p>\n","protected":false},"excerpt":{"rendered":"","protected":false},"author":33,"featured_media":0,"comment_status":"closed","ping_status":"closed","sticky":false,"template":"","format":"standard","meta":[],"categories":[1],"tags":[],"_links":{"self":[{"href":"http:\/\/www.folibchavy.cz\/_www_\/wordpress\/wp-json\/wp\/v2\/posts\/1427"}],"collection":[{"href":"http:\/\/www.folibchavy.cz\/_www_\/wordpress\/wp-json\/wp\/v2\/posts"}],"about":[{"href":"http:\/\/www.folibchavy.cz\/_www_\/wordpress\/wp-json\/wp\/v2\/types\/post"}],"author":[{"embeddable":true,"href":"http:\/\/www.folibchavy.cz\/_www_\/wordpress\/wp-json\/wp\/v2\/users\/33"}],"replies":[{"embeddable":true,"href":"http:\/\/www.folibchavy.cz\/_www_\/wordpress\/wp-json\/wp\/v2\/comments?post=1427"}],"version-history":[{"count":2,"href":"http:\/\/www.folibchavy.cz\/_www_\/wordpress\/wp-json\/wp\/v2\/posts\/1427\/revisions"}],"predecessor-version":[{"id":1440,"href":"http:\/\/www.folibchavy.cz\/_www_\/wordpress\/wp-json\/wp\/v2\/posts\/1427\/revisions\/1440"}],"wp:attachment":[{"href":"http:\/\/www.folibchavy.cz\/_www_\/wordpress\/wp-json\/wp\/v2\/media?parent=1427"}],"wp:term":[{"taxonomy":"category","embeddable":true,"href":"http:\/\/www.folibchavy.cz\/_www_\/wordpress\/wp-json\/wp\/v2\/categories?post=1427"},{"taxonomy":"post_tag","embeddable":true,"href":"http:\/\/www.folibchavy.cz\/_www_\/wordpress\/wp-json\/wp\/v2\/tags?post=1427"}],"curies":[{"name":"wp","href":"https:\/\/api.w.org\/{rel}","templated":true}]}}