{"id":1227,"date":"2017-04-26T19:07:26","date_gmt":"2017-04-26T17:07:26","guid":{"rendered":"http:\/\/www.folibchavy.cz\/_www_\/wordpress\/?p=1227"},"modified":"2017-04-28T20:28:00","modified_gmt":"2017-04-28T18:28:00","slug":"krajska-soutez-mladsi-pripravka-ne-23-4-libchavy","status":"publish","type":"post","link":"http:\/\/www.folibchavy.cz\/_www_\/wordpress\/krajska-soutez-mladsi-pripravka-ne-23-4-libchavy\/","title":{"rendered":"Krajsk\u00e1 sout\u011b\u017e, mlad\u0161\u00ed p\u0159\u00edpravka, ne 23.4. Libchavy"},"content":{"rendered":"<p><b>Krajsk\u00e1 sout\u011b\u017e, mlad\u0161\u00ed p\u0159\u00edpravka, ne 23.4. Libchavy<\/b><\/p>\n<p><!--more--><\/p>\n<p>Libchavy-Chrudim 12:4 (6:3)<br \/>\nSt\u0159elci: Simon 6x, Jolanka 3x, Luk\u00e1\u0161 2x, Prov\u00e1zek<br \/>\nBrank\u00e1\u0159: Honza Dost\u00e1l<\/p>\n<p><b>Libchavy-Holice 6:4 (3:2)<br \/>\n<\/b>St\u0159elci: Simon 2x, Honza Dost\u00e1l 2x, Jolanka, B\u00f3ra<br \/>\nBrank\u00e1\u0159: Luk\u00e1\u0161<\/p>\n<p><b>Libchavy-Poli\u010dka 4:3 (1:2)<br \/>\n<\/b>St\u0159elci: Honza Dost\u00e1l 3x, Marek<br \/>\nBrank\u00e1\u0159: Luk\u00e1\u0161<\/p>\n<p>Hr\u00e1\u010di: Jolanka P\u00e1vkov\u00e1, Simon V\u00eddensk\u00fd, Honza Provazn\u00edk, Honza Dost\u00e1l, Marek Pirkl, Adam Kr\u010dm\u00e1\u0159, Tom\u00e1\u0161 Ol\u00e1h, Luk\u00e1\u0161 Holub, Honza Borovi\u010dka<br \/>\nHodnocen\u00ed: Prvn\u00ed z\u00e1pas vypadal nejpohledn\u011bji, soupe\u0159 n\u00e1m d\u00e1val v\u00edc prostoru ke kombinaci a na kone\u010dn\u00e9m v\u00fdsledku je to vid\u011bt. Dal\u0161\u00ed dv\u011b utk\u00e1n\u00ed byly vyrovnan\u00e9, kluci s Jolankou bojovali o ka\u017ed\u00fd kousek h\u0159i\u0161t\u011b a zaslou\u017een\u011b zv\u00edt\u011bzili. Takov\u00e9 z\u00e1pasy jsou nejp\u0159\u00ednosn\u011bj\u0161\u00ed. Nav\u00edc, kdy\u017e mus\u00edme v\u00fdsledek ot\u00e1\u010det. Na tr\u00e9ninku se zam\u011b\u0159\u00edme na \u010dinnost po p\u0159evzet\u00ed m\u00ed\u010de, v\u0161e mus\u00ed b\u00fdt rychlej\u0161\u00ed. V\u0161em d\u011btem, tren\u00e9r\u016fm, rodi\u010d\u016fm d\u011bkuji za par\u00e1dn\u00ed ned\u011bln\u00ed dopoledne&#8230;<\/p>\n<p>D\u011bkujeme Adamovi Provazn\u00edkovi za rozcvi\u010dku a rodi\u010d\u016fm od Adam Kr\u010dm\u00e1\u0159e za vypr\u00e1n\u00ed dres\u016f.<br \/>\nTren\u00e9\u0159i: Robert Ol\u00e1h, Milan Kalous, David Fi\u0161er<br \/>\nRefer\u00e1t: David Fi\u0161er<\/p>\n","protected":false},"excerpt":{"rendered":"<p>Krajsk\u00e1 sout\u011b\u017e, mlad\u0161\u00ed p\u0159\u00edpravka, ne 23.4. Libchavy<\/p>\n","protected":false},"author":33,"featured_media":0,"comment_status":"closed","ping_status":"closed","sticky":false,"template":"","format":"standard","meta":[],"categories":[1,23],"tags":[4],"_links":{"self":[{"href":"http:\/\/www.folibchavy.cz\/_www_\/wordpress\/wp-json\/wp\/v2\/posts\/1227"}],"collection":[{"href":"http:\/\/www.folibchavy.cz\/_www_\/wordpress\/wp-json\/wp\/v2\/posts"}],"about":[{"href":"http:\/\/www.folibchavy.cz\/_www_\/wordpress\/wp-json\/wp\/v2\/types\/post"}],"author":[{"embeddable":true,"href":"http:\/\/www.folibchavy.cz\/_www_\/wordpress\/wp-json\/wp\/v2\/users\/33"}],"replies":[{"embeddable":true,"href":"http:\/\/www.folibchavy.cz\/_www_\/wordpress\/wp-json\/wp\/v2\/comments?post=1227"}],"version-history":[{"count":2,"href":"http:\/\/www.folibchavy.cz\/_www_\/wordpress\/wp-json\/wp\/v2\/posts\/1227\/revisions"}],"predecessor-version":[{"id":1231,"href":"http:\/\/www.folibchavy.cz\/_www_\/wordpress\/wp-json\/wp\/v2\/posts\/1227\/revisions\/1231"}],"wp:attachment":[{"href":"http:\/\/www.folibchavy.cz\/_www_\/wordpress\/wp-json\/wp\/v2\/media?parent=1227"}],"wp:term":[{"taxonomy":"category","embeddable":true,"href":"http:\/\/www.folibchavy.cz\/_www_\/wordpress\/wp-json\/wp\/v2\/categories?post=1227"},{"taxonomy":"post_tag","embeddable":true,"href":"http:\/\/www.folibchavy.cz\/_www_\/wordpress\/wp-json\/wp\/v2\/tags?post=1227"}],"curies":[{"name":"wp","href":"https:\/\/api.w.org\/{rel}","templated":true}]}}