{"id":1194,"date":"2017-04-17T14:31:09","date_gmt":"2017-04-17T12:31:09","guid":{"rendered":"http:\/\/www.folibchavy.cz\/_www_\/wordpress\/?p=1194"},"modified":"2017-04-17T14:31:09","modified_gmt":"2017-04-17T12:31:09","slug":"krajska-soutez-starsi-pripravka-15-4-2017-dolni-ujezd","status":"publish","type":"post","link":"http:\/\/www.folibchavy.cz\/_www_\/wordpress\/krajska-soutez-starsi-pripravka-15-4-2017-dolni-ujezd\/","title":{"rendered":"Krajsk\u00e1 sout\u011b\u017e &#8211; star\u0161\u00ed p\u0159\u00edpravka, 15. 4. 2017 Doln\u00ed \u00dajezd"},"content":{"rendered":"<p><!--more--><\/p>\n<p>Za Libchavy nastoupili v brance: Dominik Svato\u0161<\/p>\n<p>V poli: Tonda Borovi\u010dka, Marek Mucha, Bobe\u0161 Kalousek, R\u00ed\u0161a Freudl, Patrik Tom\u00e1\u0161 a Kuba Kaleja.<\/p>\n<p>Libchavy &#8211; Skute\u010d 1:1 (1:1)<\/p>\n<p>St\u0159elci: Mucha<\/p>\n<p>Libchavy &#8211; Doln\u00ed \u00dajezd 11:2 (5:2)<\/p>\n<p>St\u0159elci: Borovi\u010dka 5x, Freudl 2x, Kaleja 2x, Tom\u00e1\u0161, Kalousek<\/p>\n<p>Libchavy &#8211; Slati\u0148any 8:2 (2:0)<\/p>\n<p>St\u0159elci: Borovi\u010dka 3x, Mucha 2x, Kalousek, Kaleja, Freudl<\/p>\n<p>Mohl bych pou\u017e\u00edt n\u00e1zev z poh\u00e1dky o Sn\u011bhurce a sedmi trpasl\u00edc\u00edch. Tolik n\u00e1s odj\u00ed\u017ed\u011blo na turnaj do Doln\u00edho \u00dajezdu, ale j\u00e1 jako Sn\u011bhurka? To je t\u011b\u017ek\u00e1 p\u0159edstava, snad jen ty dlouh\u00e9 vlasy\u00a0?! Kluci jako trpasl\u00edci? Ani to nen\u00ed spr\u00e1vn\u00fd v\u00fdraz. Jejich v\u00fd\u0161ka a hlavn\u011b fotbalovost dominovala!<\/p>\n<p>Tak\u017ee se sp\u00ed\u0161e hod\u00ed n\u00e1zev z westernu o Sedmi state\u010dn\u00fdch!<\/p>\n<p>Sokol\u00edci a\u017e na prvn\u00ed z\u00e1pas, kde se trochu seznamovali s men\u0161\u00edm h\u0159i\u0161t\u011bm (bylo zn\u00e1t, \u017ee chod\u00ed s mlad\u0161\u00edmi \u017e\u00e1ky), jasn\u011b v turnaji ukazovali, kdo m\u00e1 ot\u011b\u017ee pevn\u011b v rukou (v\u00fdsledky hovo\u0159\u00ed za v\u0161e).<\/p>\n<p>D\u011bkuji v\u0161em kluk\u016fm za p\u0159\u00edjemn\u00e9 dopoledne. Patriku Svato\u0161ovi a Adamu Provazn\u00edkovi za asistenci. D\u00e1le rodi\u010d\u016fm za dopravu a takt\u00e9\u017e pat\u0159\u00ed velk\u00e9 d\u00edky za vypr\u00e1n\u00ed dres\u016f. Tentokr\u00e1te budou zdobit zahradu na Velikonoce u Kalejov\u00fdch.<\/p>\n<p>Tren\u00e9r a refer\u00e1t napsal: Jarda Bo\u0161t\u00edk<\/p>\n","protected":false},"excerpt":{"rendered":"","protected":false},"author":43,"featured_media":0,"comment_status":"closed","ping_status":"closed","sticky":false,"template":"","format":"standard","meta":[],"categories":[23],"tags":[40],"_links":{"self":[{"href":"http:\/\/www.folibchavy.cz\/_www_\/wordpress\/wp-json\/wp\/v2\/posts\/1194"}],"collection":[{"href":"http:\/\/www.folibchavy.cz\/_www_\/wordpress\/wp-json\/wp\/v2\/posts"}],"about":[{"href":"http:\/\/www.folibchavy.cz\/_www_\/wordpress\/wp-json\/wp\/v2\/types\/post"}],"author":[{"embeddable":true,"href":"http:\/\/www.folibchavy.cz\/_www_\/wordpress\/wp-json\/wp\/v2\/users\/43"}],"replies":[{"embeddable":true,"href":"http:\/\/www.folibchavy.cz\/_www_\/wordpress\/wp-json\/wp\/v2\/comments?post=1194"}],"version-history":[{"count":2,"href":"http:\/\/www.folibchavy.cz\/_www_\/wordpress\/wp-json\/wp\/v2\/posts\/1194\/revisions"}],"predecessor-version":[{"id":1196,"href":"http:\/\/www.folibchavy.cz\/_www_\/wordpress\/wp-json\/wp\/v2\/posts\/1194\/revisions\/1196"}],"wp:attachment":[{"href":"http:\/\/www.folibchavy.cz\/_www_\/wordpress\/wp-json\/wp\/v2\/media?parent=1194"}],"wp:term":[{"taxonomy":"category","embeddable":true,"href":"http:\/\/www.folibchavy.cz\/_www_\/wordpress\/wp-json\/wp\/v2\/categories?post=1194"},{"taxonomy":"post_tag","embeddable":true,"href":"http:\/\/www.folibchavy.cz\/_www_\/wordpress\/wp-json\/wp\/v2\/tags?post=1194"}],"curies":[{"name":"wp","href":"https:\/\/api.w.org\/{rel}","templated":true}]}}